{"id":24402,"date":"2024-11-21T09:28:07","date_gmt":"2024-11-21T14:28:07","guid":{"rendered":"https:\/\/wicmtl.ca\/2024\/11\/21\/boucler-la-boucle-des-diplomes-reviennent-sur-le-campus-pour-inspirer-de-futures-carrieres\/"},"modified":"2025-03-24T10:59:35","modified_gmt":"2025-03-24T14:59:35","slug":"boucler-la-boucle-des-diplomes-reviennent-sur-le-campus-pour-inspirer-de-futures-carrieres","status":"publish","type":"post","link":"https:\/\/wicmtl.ca\/fr\/2024\/11\/21\/boucler-la-boucle-des-diplomes-reviennent-sur-le-campus-pour-inspirer-de-futures-carrieres\/","title":{"rendered":"Boucler la boucle: des dipl\u00f4m\u00e9s reviennent sur le campus pour inspirer de futures carri\u00e8res"},"content":{"rendered":"<div class=\"gb-container gb-container-8f272666\">\n\n<p><\/p>\n\n\n\n<p>Choisir une carri\u00e8re peut \u00eatre \u00e0 la fois excitant et intimidant, avec tant de possibilit\u00e9s \u00e0 consid\u00e9rer, ce qui peut apporter de l\u2019incertitude. Pour guider les \u00e9l\u00e8ves de 5e secondaire dans ce processus, nous avons accueilli 16 dipl\u00f4m\u00e9s sur le campus le 13 novembre 2024, \u00e0 l\u2019occasion du Salon des carri\u00e8res des dipl\u00f4m\u00e9s.<\/p>\n\n<\/div><div class=\"gb-container gb-container-aef951e1\">\n\n<p><\/p>\n\n<\/div>\n<figure class=\"wp-block-image size-full\"><img loading=\"lazy\" decoding=\"async\" width=\"4500\" height=\"3000\" src=\"https:\/\/wicmtl.ca\/wp-content\/uploads\/2024\/11\/Web-Article-.png\" alt=\"\" class=\"wp-image-24398\" srcset=\"https:\/\/wicmtl.ca\/wp-content\/uploads\/2024\/11\/Web-Article-.png 4500w, https:\/\/wicmtl.ca\/wp-content\/uploads\/2024\/11\/Web-Article--300x200.png 300w, https:\/\/wicmtl.ca\/wp-content\/uploads\/2024\/11\/Web-Article--1024x683.png 1024w, https:\/\/wicmtl.ca\/wp-content\/uploads\/2024\/11\/Web-Article--768x512.png 768w, https:\/\/wicmtl.ca\/wp-content\/uploads\/2024\/11\/Web-Article--50x33.png 50w, https:\/\/wicmtl.ca\/wp-content\/uploads\/2024\/11\/Web-Article--1600x1067.png 1600w, https:\/\/wicmtl.ca\/wp-content\/uploads\/2024\/11\/Web-Article--1536x1024.png 1536w, https:\/\/wicmtl.ca\/wp-content\/uploads\/2024\/11\/Web-Article--2048x1365.png 2048w\" sizes=\"auto, (max-width: 4500px) 100vw, 4500px\" \/><\/figure>\n\n<p><\/p>\n\n<p>Lors de cet \u00e9v\u00e9nement, nos dipl\u00f4m\u00e9s ont partag\u00e9 leurs parcours professionnels personnels, offrant aux \u00e9l\u00e8ves une occasion unique d\u2019entendre les histoires de personnes qui \u00e9taient autrefois \u00e0 leur place. Cela leur a permis d\u2019acqu\u00e9rir des perspectives pr\u00e9cieuses, de trouver l\u2019inspiration pour tracer leur propre chemin et d\u2019explorer les nombreuses possibilit\u00e9s qui les attendent.<\/p>\n\n<p>Ce fut une journ\u00e9e riche en conversations significatives, mentorat et connexions qui ont mis en lumi\u00e8re la force et l\u2019impact de notre communaut\u00e9. Pour les anciens \u00e9l\u00e8ves, c\u2019\u00e9tait une opportunit\u00e9 de boucler la boucle \u2013 redonner \u00e0 l\u2019\u00e9cole qui a contribu\u00e9 \u00e0 fa\u00e7onner leurs parcours, tout en inspirant les \u00e9l\u00e8ves d\u2019aujourd\u2019hui \u00e0 viser leurs propres r\u00eaves professionnels.<\/p>\n\n<p>Les \u00e9l\u00e8ves de 5e secondaire ont eu l\u2019occasion de circuler dans le gymnase et de poser des questions aux dipl\u00f4m\u00e9s, qui ont partag\u00e9 des perspectives sur leur exp\u00e9rience au secondaire, leur transition vers les \u00e9tudes postsecondaires et leur vie professionnelle actuelle.<\/p>\n\n<p><b>Olivia Ripa (promotion 2005), physioth\u00e9rapeute chez Kinatex Sports Physio<\/b><span style=\"font-weight: 400;\">, a partag\u00e9 des informations pr\u00e9cieuses sur son domaine et sa passion pour aider les personnes atteintes de cancer \u00e0 rester actives et \u00e0 retrouver leurs activit\u00e9s favorites. \u00ab C\u2019\u00e9tait merveilleux de parler aux \u00e9l\u00e8ves et de leur donner des conseils sur ce qu\u2019ils peuvent faire. J\u2019ai ador\u00e9 leur expliquer en quoi consiste le m\u00e9tier de physioth\u00e9rapeute, car \u00e0 leur \u00e2ge, je ne savais pas. C\u2019\u00e9tait tellement amusant! \u00bb<\/span><\/p>\n\n<p><b>Gino Lalli (promotion 1994), gestionnaire de projets \u00e0 la Ville de Rigaud, <\/b><span style=\"font-weight: 400;\">a \u00e9voqu\u00e9 le fait que le chemin entre les \u00e9tudes et la carri\u00e8re n\u2019est pas toujours lin\u00e9aire. Apr\u00e8s avoir \u00e9tudi\u00e9 le g\u00e9nie \u00e9lectrique \u00e0 l\u2019universit\u00e9, il a travaill\u00e9 dans plusieurs industries diff\u00e9rentes, avant de rejoindre r\u00e9cemment le gouvernement municipal. \u00ab Revenir sur le campus me fait me sentir jeune \u00e0 nouveau. J\u2019appr\u00e9cie de pouvoir redonner \u00e0 la communaut\u00e9 de WIC, et j\u2019adorais ces opportunit\u00e9s lorsque j\u2019\u00e9tais moi-m\u00eame \u00e9l\u00e8ve. \u00bb<\/span><\/p>\n\n<p><b>Jaclyn Rabin (promotion 2005), courti\u00e8re immobili\u00e8re chez Keller Williams Prestige, <\/b><span style=\"font-weight: 400;\">\u00e9tait tout \u00e0 fait ravie d\u2019inspirer les \u00e9l\u00e8ves \u00e0 poursuivre leurs passions: \u00ab J\u2019ai ador\u00e9 leurs questions! Les \u00e9l\u00e8ves avaient une vraie curiosit\u00e9. J\u2019esp\u00e8re les avoir inspir\u00e9s \u00e0 suivre leurs r\u00eaves \u00bb.<\/span><\/p>\n\n<p><span style=\"font-weight: 400;\">\u00ab Je pense que je veux devenir agent immobilier maintenant, gr\u00e2ce \u00e0 ma conversation avec Jaclyn \u00bb, a d\u2019ailleurs confi\u00e9 <\/span><b>Dylan, \u00e9l\u00e8ve de 5e secondaire<\/b><span style=\"font-weight: 400;\">, qui a trouv\u00e9 beaucoup de valeur dans l\u2019opportunit\u00e9 d\u2019en apprendre davantage sur diff\u00e9rents domaines de carri\u00e8re, en particulier l\u2019immobilier.<\/span><\/p>\n\n<p><b>Nadine Ishak (promotion 1992), productrice vid\u00e9o multim\u00e9dia chez Bell, <\/b><span style=\"font-weight: 400;\">a not\u00e9 les nombreux changements survenus depuis qu\u2019elle \u00e9tait \u00e0 l\u2019universit\u00e9 et qu\u2019elle d\u00e9butait sa carri\u00e8re, ainsi que la valeur des comp\u00e9tences transf\u00e9rables dans tout r\u00f4le. \u00ab Tant de choses ont chang\u00e9 dans chaque secteur. C\u2019est une p\u00e9riode passionnante pour envisager les \u00e9tudes postsecondaires. Aujourd\u2019hui, les \u00e9l\u00e8ves qui ne s\u2019int\u00e8grent pas n\u00e9cessairement dans les r\u00f4les traditionnels peuvent trouver des domaines fascinants. \u00bb<\/span><\/p>\n\n<p class=\"has-text-align-right\"><\/p>\n<div class=\"gb-container gb-container-2e38cae7\">\n\n<p><\/p>\n\n\n\n<p><span style=\"font-weight: 400;\">\u00c0 la cl\u00f4ture du Salon des carri\u00e8res des dipl\u00f4m\u00e9s, un message cl\u00e9 a r\u00e9sonn\u00e9 : le succ\u00e8s n\u2019a pas de formule unique. Qu\u2019il s\u2019agisse de poursuivre une voie traditionnelle ou de tracer un parcours unique, chaque chemin est fa\u00e7onn\u00e9 par chaque individu. Les perspectives partag\u00e9es par nos estim\u00e9s dipl\u00f4m\u00e9s ont sans aucun doute offert \u00e0 la prochaine g\u00e9n\u00e9ration de dipl\u00f4m\u00e9s de WIC une sagesse inestimable, leur fournissant les outils et la vision n\u00e9cessaires pour poursuivre leur parcours au-del\u00e0 du secondaire.<\/span><\/p>\n\n<\/div>\n<p class=\"has-text-align-right\"><\/p>\n<div class=\"gb-container gb-container-aafeb0c1\">\n\n<p>Merci aux dipl\u00f4m\u00e9s participants :<\/p>\n\n\n\n<ul class=\"wp-block-list\">\n<li>Dr Matthew Slimovitch (promotion 2010), p\u00e9diatre urgentiste au Centre UP (Centre d\u2019urgences p\u00e9diatrique)<\/li>\n\n\n\n<li>Olivia Ripa (promotion 2005), physioth\u00e9rapeute chez Kinatex Sports Physio<\/li>\n\n\n\n<li>Brandon Harrar (promotion 2006), directeur cr\u00e9atif et fondateur de HRVST<\/li>\n\n\n\n<li>Phil Pinsky (promotion 1997), fondateur et pr\u00e9sident de Kadima Group<\/li>\n\n\n\n<li>Justin Orleans (promotion 2009), vice-pr\u00e9sident adjoint au recrutement chez Robert Half<\/li>\n\n\n\n<li>Sissy Duong (promotion 2003), directrice des informations financi\u00e8res chez BFL Canada<\/li>\n\n\n\n<li>Gino Lalli (promotion 1994), gestionnaire de projets \u00e0 la Ville de Rigaud<\/li>\n\n\n\n<li>Jamie Lands (promotion 1999), notaire et associ\u00e9e chez Isaacson Levy &amp; Steinberg Notaries<\/li>\n\n\n\n<li>Alessia Talarico (promotion 2012), avocate chez BCF Avocats d\u2019affaires<\/li>\n\n\n\n<li>Jaclyn Rabin (promotion 2005), courti\u00e8re immobili\u00e8re chez Keller Williams Prestige, fondatrice de Gestion Carr\u00e9 d\u2019Or<\/li>\n\n\n\n<li>Alyson Stein (promotion 2013), architecte chez Neuf Architectes<\/li>\n\n\n\n<li>Dr Marla Litvack (promotion 1992), psychologue pour enfants en pratique priv\u00e9e<\/li>\n\n\n\n<li>\u00c9milie Perring (promotion 2013), directrice g\u00e9n\u00e9rale chez Robin Rosenberg Fine Art<\/li>\n\n\n\n<li>Julian Nasielski (promotion 2011), concepteur de niveaux chez Ubisoft Montr\u00e9al<\/li>\n\n\n\n<li>Nadine Ishak (promotion 1992), productrice vid\u00e9o multim\u00e9dia chez Bell<\/li>\n\n\n\n<li>Glen Wight (promotion 1990), pilote chez Air Canada<\/li>\n<\/ul>\n\n<\/div><div id=\"gutenslider-6td2qhkfv\" class=\"wp-block-eedee-block-gutenslider gs-frontend content-change alignnone arrow-style-1 arrow-position-sides arrow-mb-none arrows-lg arrows-md arrows-sm dot-style-1 dots-lg dots-md dots-sm dot-position-bottom is-position-center-center mb-none wrap-auto-height\" data-parallax-direction=\"down\" data-parallax-amount=\"1.3\" data-lg-transition=\"lg-slide\" data-hash=\"\" ><div class=\"eedee-swiper-outer\" style=\"--gutenslider-min-height: 66vh;--gutenslider-arrow-size: 30px;--gutenslider-dot-size: 25px;--gutenslider-arrow-color: #ffffff;--gutenslider-dot-color: #ffffff;--gutenslider-padding-y-mobile: 40px;--gutenslider-padding-x-mobile: 40px;--gutenslider-padding-y-tablet: 40px;--gutenslider-padding-x-tablet: 40px;--gutenslider-padding-y-desktop: 40px;--gutenslider-padding-x-desktop: 40px;--gutenslider-bg-image: url();--gutenslider-min-height-md: 50vh;--gutenslider-min-height-sm: 50vh;--gutenslider-padding-x: 40px;--gutenslider-padding-x-md: 40px;--gutenslider-padding-x-sm: 20px;--gutenslider-padding-y: 40px;--gutenslider-padding-y-md: 40px;--gutenslider-padding-y-sm: 20px;--gutenslider-arrow-size-md: 30px;--gutenslider-arrow-size-sm: 30px;--gutenslider-dot-size-md: 25px;--gutenslider-dot-size-sm: 25px;--gutenslider-arrow-bg-color: transparent;--gutenslider-arrow-hover-color: #eeeeee;--gutenslider-arrow-bg-hover-color: transparent;--gutenslider-arrow-x-offset: 10px;--gutenslider-arrow-x-offset-md: 10px;--gutenslider-arrow-x-offset-sm: 10px;--gutenslider-arrow-y-offset: 0px;--gutenslider-arrow-y-offset-md: 0px;--gutenslider-arrow-y-offset-sm: 0px;--gutenslider-arrow-x-spacing: 0px;--gutenslider-dot-y-offset: 10px;--gutenslider-dot-y-offset-md: 10px;--gutenslider-dot-y-offset-sm: 10px;--gutenslider-margin-x: 0px;--gutenslider-margin-x-md: 0px;--gutenslider-margin-x-sm: 0px;--gutenslider-margin-y: 0px;--gutenslider-margin-y-md: 0px;--gutenslider-margin-y-sm: 0px;--gutenslider-divider-top: 60px;--gutenslider-divider-bottom: 60px;--gutenslider-lightgallery-bg: #ffffff;--gutenslider-lightgallery-font: #000000;--gs-first-pos: 49% 28.000000000000004%;--gs-gap-vertical: var( --wp--style--gallery-gap-default, var( --gallery-block--gutter-size, var( --wp--style--block-gap, 0.5em ) ) );--gs-gap-horizontal: var( --wp--style--gallery-gap-default, var( --gallery-block--gutter-size, var( --wp--style--block-gap, 0.5em ) ) );\"><div class=\"gutenslider-divider-top\" style=\"color:#fff;\"><\/div><div class=\"swiper\" data-settings='{\"autoplay\":{\"delay\":3000,\"pauseOnMouseEnter\":true,\"disableOnInteraction\":false},\"speed\":700,\"direction\":\"horizontal\",\"autoHeight\":\"\",\"loop\":true,\"centeredSlides\":true,\"spaceBetween\":0,\"slidesPerView\":1,\"slidesPerGroup\":1,\"effect\":\"slide\",\"coverflowEffect\":{\"rotate\":30,\"slideShadows\":false,\"depth\":100,\"stretch\":50,\"modifier\":1},\"fadeEffect\":{\"crossFade\":true},\"zoom\":\"\",\"navigation\":{\"nextEl\":\"#gutenslider-6td2qhkfv .eedee-gutenslider-next\",\"prevEl\":\"#gutenslider-6td2qhkfv .eedee-gutenslider-prev\"},\"pagination\":{\"type\":\"bullets\",\"clickable\":true,\"dynamicBullets\":false,\"el\":\"#gutenslider-6td2qhkfv .eedee-gutenslider-pagination\"},\"pauseOnHover\":\"1\",\"watchSlidesProgress\":true,\"watchSlidesVisibility\":true,\"settingsMd\":{\"autoHeight\":\"\",\"slidesPerView\":1,\"slidesPerGroup\":1,\"spaceBetween\":0,\"loop\":true},\"settingsLg\":{\"autoHeight\":\"\",\"slidesPerView\":1,\"slidesPerGroup\":1,\"spaceBetween\":0,\"loop\":true},\"hasLg\":false,\"hasLgCounter\":true,\"isFullScreen\":false,\"arrowsFollowMouse\":false,\"lgTitle\":\"none\",\"lgCaption\":\"none\",\"lgThumbnails\":true,\"lgZoomEnabled\":false,\"keyboard\":{\"keyboard\":{\"enabled\":true,\"onlyInViewport\":true}},\"hashNavigation\":false,\"dividers\":false}'><div class=\"swiper-wrapper\">\n<div class=\"swiper-slide wp-block-eedee-block-gutenslide is-position-center-center ed-bg-image\" style=\"--ed-vw:300;--ed-vh:200;\" data-hash=\"\"><div class=\"eedee-background-div bg-image\"><img loading=\"lazy\" width=\"3000\" height=\"2000\" class=\"wp-image-24376\" src=\"https:\/\/wicmtl.ca\/wp-content\/uploads\/2024\/11\/2.png\" alt=\"\" decoding=\"async\" style=\"object-fit: cover; object-position: 49% 28%;\"  data-title=\"Alum Career Fair - Justin Orleans and Sissy Duong\" srcset=\"https:\/\/wicmtl.ca\/wp-content\/uploads\/2024\/11\/2.png 3000w, https:\/\/wicmtl.ca\/wp-content\/uploads\/2024\/11\/2-300x200.png 300w, https:\/\/wicmtl.ca\/wp-content\/uploads\/2024\/11\/2-1024x683.png 1024w, https:\/\/wicmtl.ca\/wp-content\/uploads\/2024\/11\/2-768x512.png 768w, https:\/\/wicmtl.ca\/wp-content\/uploads\/2024\/11\/2-50x33.png 50w, https:\/\/wicmtl.ca\/wp-content\/uploads\/2024\/11\/2-1600x1067.png 1600w, https:\/\/wicmtl.ca\/wp-content\/uploads\/2024\/11\/2-1536x1024.png 1536w, https:\/\/wicmtl.ca\/wp-content\/uploads\/2024\/11\/2-2048x1365.png 2048w\" sizes=\"auto, (max-width: 3000px) 100vw, 3000px\" \/><div class=\"eedee-background-div__overlay\" style=\"opacity:1;\"><\/div><\/div><div class=\"slide-content\">\n\n<p class=\"has-text-align-center gutenslider-content-initial has-larger-font-size\"><\/p>\n\n\n<div class=\"swiper-slide wp-block-eedee-block-gutenslide is-position-center-center ed-bg-image\" style=\"--ed-vw:300;--ed-vh:176;\" data-hash=\"\"><div class=\"eedee-background-div bg-image\"><img loading=\"lazy\" width=\"2817\" height=\"1656\" class=\"wp-image-23477\" src=\"https:\/\/wicmtl.ca\/wp-content\/uploads\/2024\/05\/2.png\" alt=\"\" decoding=\"async\" style=\"object-fit: cover; object-position: 49% 59%;\"  data-title=\"Panel with Steve\" srcset=\"https:\/\/wicmtl.ca\/wp-content\/uploads\/2024\/05\/2.png 2817w, https:\/\/wicmtl.ca\/wp-content\/uploads\/2024\/05\/2-300x176.png 300w, https:\/\/wicmtl.ca\/wp-content\/uploads\/2024\/05\/2-1024x602.png 1024w, https:\/\/wicmtl.ca\/wp-content\/uploads\/2024\/05\/2-768x451.png 768w, https:\/\/wicmtl.ca\/wp-content\/uploads\/2024\/05\/2-50x29.png 50w, https:\/\/wicmtl.ca\/wp-content\/uploads\/2024\/05\/2-1600x941.png 1600w, https:\/\/wicmtl.ca\/wp-content\/uploads\/2024\/05\/2-1536x903.png 1536w, https:\/\/wicmtl.ca\/wp-content\/uploads\/2024\/05\/2-2048x1204.png 2048w\" sizes=\"auto, (max-width: 2817px) 100vw, 2817px\" \/><div class=\"eedee-background-div__overlay\" style=\"opacity:1;\"><\/div><\/div><div class=\"slide-content\">\n\n<p class=\"has-text-align-center gutenslider-content-initial has-larger-font-size\"><\/p>\n\n<\/div><\/div>\n<\/div><\/div>\n\n<div class=\"swiper-slide wp-block-eedee-block-gutenslide is-position-center-center ed-bg-image\" style=\"--ed-vw:300;--ed-vh:200;\" data-hash=\"\"><div class=\"eedee-background-div bg-image\"><img loading=\"lazy\" width=\"3000\" height=\"2000\" class=\"wp-image-24378\" src=\"https:\/\/wicmtl.ca\/wp-content\/uploads\/2024\/11\/3.png\" alt=\"\" decoding=\"async\" style=\"object-fit: cover; object-position: 49% 28%;\"  data-title=\"Alum Career Fair - Jaclyn Rabin\" srcset=\"https:\/\/wicmtl.ca\/wp-content\/uploads\/2024\/11\/3.png 3000w, https:\/\/wicmtl.ca\/wp-content\/uploads\/2024\/11\/3-300x200.png 300w, https:\/\/wicmtl.ca\/wp-content\/uploads\/2024\/11\/3-1024x683.png 1024w, https:\/\/wicmtl.ca\/wp-content\/uploads\/2024\/11\/3-768x512.png 768w, https:\/\/wicmtl.ca\/wp-content\/uploads\/2024\/11\/3-50x33.png 50w, https:\/\/wicmtl.ca\/wp-content\/uploads\/2024\/11\/3-1600x1067.png 1600w, https:\/\/wicmtl.ca\/wp-content\/uploads\/2024\/11\/3-1536x1024.png 1536w, https:\/\/wicmtl.ca\/wp-content\/uploads\/2024\/11\/3-2048x1365.png 2048w\" sizes=\"auto, (max-width: 3000px) 100vw, 3000px\" \/><div class=\"eedee-background-div__overlay\" style=\"opacity:1;\"><\/div><\/div><div class=\"slide-content\">\n\n<p class=\"has-text-align-center gutenslider-content-initial has-larger-font-size\"><\/p>\n\n\n<div class=\"swiper-slide wp-block-eedee-block-gutenslide is-position-center-center ed-bg-image\" style=\"--ed-vw:300;--ed-vh:176;\" data-hash=\"\"><div class=\"eedee-background-div bg-image\"><img loading=\"lazy\" width=\"2817\" height=\"1656\" class=\"wp-image-23477\" src=\"https:\/\/wicmtl.ca\/wp-content\/uploads\/2024\/05\/2.png\" alt=\"\" decoding=\"async\" style=\"object-fit: cover; object-position: 49% 59%;\"  data-title=\"Panel with Steve\" srcset=\"https:\/\/wicmtl.ca\/wp-content\/uploads\/2024\/05\/2.png 2817w, https:\/\/wicmtl.ca\/wp-content\/uploads\/2024\/05\/2-300x176.png 300w, https:\/\/wicmtl.ca\/wp-content\/uploads\/2024\/05\/2-1024x602.png 1024w, https:\/\/wicmtl.ca\/wp-content\/uploads\/2024\/05\/2-768x451.png 768w, https:\/\/wicmtl.ca\/wp-content\/uploads\/2024\/05\/2-50x29.png 50w, https:\/\/wicmtl.ca\/wp-content\/uploads\/2024\/05\/2-1600x941.png 1600w, https:\/\/wicmtl.ca\/wp-content\/uploads\/2024\/05\/2-1536x903.png 1536w, https:\/\/wicmtl.ca\/wp-content\/uploads\/2024\/05\/2-2048x1204.png 2048w\" sizes=\"auto, (max-width: 2817px) 100vw, 2817px\" \/><div class=\"eedee-background-div__overlay\" style=\"opacity:1;\"><\/div><\/div><div class=\"slide-content\">\n\n<p class=\"has-text-align-center gutenslider-content-initial has-larger-font-size\"><\/p>\n\n<\/div><\/div>\n<\/div><\/div>\n\n<div class=\"swiper-slide wp-block-eedee-block-gutenslide is-position-center-center ed-bg-image\" style=\"--ed-vw:300;--ed-vh:200;\" data-hash=\"\"><div class=\"eedee-background-div bg-image\"><img loading=\"lazy\" width=\"3000\" height=\"2000\" class=\"wp-image-24381\" src=\"https:\/\/wicmtl.ca\/wp-content\/uploads\/2024\/11\/4.png\" alt=\"\" decoding=\"async\" style=\"object-fit: cover; object-position: 50% 50%;\"  data-title=\"Alum Career Fair - Glen Wight\" srcset=\"https:\/\/wicmtl.ca\/wp-content\/uploads\/2024\/11\/4.png 3000w, https:\/\/wicmtl.ca\/wp-content\/uploads\/2024\/11\/4-300x200.png 300w, https:\/\/wicmtl.ca\/wp-content\/uploads\/2024\/11\/4-1024x683.png 1024w, https:\/\/wicmtl.ca\/wp-content\/uploads\/2024\/11\/4-768x512.png 768w, https:\/\/wicmtl.ca\/wp-content\/uploads\/2024\/11\/4-50x33.png 50w, https:\/\/wicmtl.ca\/wp-content\/uploads\/2024\/11\/4-1600x1067.png 1600w, https:\/\/wicmtl.ca\/wp-content\/uploads\/2024\/11\/4-1536x1024.png 1536w, https:\/\/wicmtl.ca\/wp-content\/uploads\/2024\/11\/4-2048x1365.png 2048w\" sizes=\"auto, (max-width: 3000px) 100vw, 3000px\" \/><div class=\"eedee-background-div__overlay\" style=\"opacity:1;\"><\/div><\/div><div class=\"slide-content\">\n\n<p class=\"has-text-align-center gutenslider-content-initial has-larger-font-size\"><\/p>\n\n<\/div><\/div>\n\n<div class=\"swiper-slide wp-block-eedee-block-gutenslide is-position-center-center ed-bg-image\" style=\"--ed-vw:300;--ed-vh:200;\" data-hash=\"\"><div class=\"eedee-background-div bg-image\"><img loading=\"lazy\" width=\"3000\" height=\"2000\" class=\"wp-image-24387\" src=\"https:\/\/wicmtl.ca\/wp-content\/uploads\/2024\/11\/6.png\" alt=\"\" decoding=\"async\" style=\"object-fit: cover; object-position: 58% 32%;\"  data-title=\"Alum Career Fair - Alums with student\" srcset=\"https:\/\/wicmtl.ca\/wp-content\/uploads\/2024\/11\/6.png 3000w, https:\/\/wicmtl.ca\/wp-content\/uploads\/2024\/11\/6-300x200.png 300w, https:\/\/wicmtl.ca\/wp-content\/uploads\/2024\/11\/6-1024x683.png 1024w, https:\/\/wicmtl.ca\/wp-content\/uploads\/2024\/11\/6-768x512.png 768w, https:\/\/wicmtl.ca\/wp-content\/uploads\/2024\/11\/6-50x33.png 50w, https:\/\/wicmtl.ca\/wp-content\/uploads\/2024\/11\/6-1600x1067.png 1600w, https:\/\/wicmtl.ca\/wp-content\/uploads\/2024\/11\/6-1536x1024.png 1536w, https:\/\/wicmtl.ca\/wp-content\/uploads\/2024\/11\/6-2048x1365.png 2048w\" sizes=\"auto, (max-width: 3000px) 100vw, 3000px\" \/><div class=\"eedee-background-div__overlay\" style=\"opacity:1;\"><\/div><\/div><div class=\"slide-content\">\n\n<p class=\"has-text-align-center gutenslider-content-initial has-larger-font-size\"><\/p>\n\n<\/div><\/div>\n\n<div class=\"swiper-slide wp-block-eedee-block-gutenslide is-position-center-center ed-bg-image\" style=\"--ed-vw:300;--ed-vh:200;\" data-hash=\"\"><div class=\"eedee-background-div bg-image\"><img loading=\"lazy\" width=\"3000\" height=\"2000\" class=\"wp-image-24389\" src=\"https:\/\/wicmtl.ca\/wp-content\/uploads\/2024\/11\/7.png\" alt=\"\" decoding=\"async\" style=\"object-fit: cover; object-position: 58% 32%;\"  data-title=\"Alum Career Fair - Nadine Ishak\" srcset=\"https:\/\/wicmtl.ca\/wp-content\/uploads\/2024\/11\/7.png 3000w, https:\/\/wicmtl.ca\/wp-content\/uploads\/2024\/11\/7-300x200.png 300w, https:\/\/wicmtl.ca\/wp-content\/uploads\/2024\/11\/7-1024x683.png 1024w, https:\/\/wicmtl.ca\/wp-content\/uploads\/2024\/11\/7-768x512.png 768w, https:\/\/wicmtl.ca\/wp-content\/uploads\/2024\/11\/7-50x33.png 50w, https:\/\/wicmtl.ca\/wp-content\/uploads\/2024\/11\/7-1600x1067.png 1600w, https:\/\/wicmtl.ca\/wp-content\/uploads\/2024\/11\/7-1536x1024.png 1536w, https:\/\/wicmtl.ca\/wp-content\/uploads\/2024\/11\/7-2048x1365.png 2048w\" sizes=\"auto, (max-width: 3000px) 100vw, 3000px\" \/><div class=\"eedee-background-div__overlay\" style=\"opacity:1;\"><\/div><\/div><div class=\"slide-content\">\n\n<p class=\"has-text-align-center gutenslider-content-initial has-larger-font-size\"><\/p>\n\n<\/div><\/div>\n\n<div class=\"swiper-slide wp-block-eedee-block-gutenslide is-position-center-center ed-bg-image\" style=\"--ed-vw:300;--ed-vh:200;\" data-hash=\"\"><div class=\"eedee-background-div bg-image\"><img loading=\"lazy\" width=\"3000\" height=\"2000\" class=\"wp-image-24391\" src=\"https:\/\/wicmtl.ca\/wp-content\/uploads\/2024\/11\/8.png\" alt=\"\" decoding=\"async\" style=\"object-fit: cover; object-position: 58% 32%;\"  data-title=\"Alum Career Fair - Julian Nasielski\" srcset=\"https:\/\/wicmtl.ca\/wp-content\/uploads\/2024\/11\/8.png 3000w, https:\/\/wicmtl.ca\/wp-content\/uploads\/2024\/11\/8-300x200.png 300w, https:\/\/wicmtl.ca\/wp-content\/uploads\/2024\/11\/8-1024x683.png 1024w, https:\/\/wicmtl.ca\/wp-content\/uploads\/2024\/11\/8-768x512.png 768w, https:\/\/wicmtl.ca\/wp-content\/uploads\/2024\/11\/8-50x33.png 50w, https:\/\/wicmtl.ca\/wp-content\/uploads\/2024\/11\/8-1600x1067.png 1600w, https:\/\/wicmtl.ca\/wp-content\/uploads\/2024\/11\/8-1536x1024.png 1536w, https:\/\/wicmtl.ca\/wp-content\/uploads\/2024\/11\/8-2048x1365.png 2048w\" sizes=\"auto, (max-width: 3000px) 100vw, 3000px\" \/><div class=\"eedee-background-div__overlay\" style=\"opacity:1;\"><\/div><\/div><div class=\"slide-content\">\n\n<p class=\"has-text-align-center gutenslider-content-initial has-larger-font-size\"><\/p>\n\n<\/div><\/div>\n\n<div class=\"swiper-slide wp-block-eedee-block-gutenslide is-position-center-center ed-bg-image\" style=\"--ed-vw:300;--ed-vh:200;\" data-hash=\"\"><div class=\"eedee-background-div bg-image\"><img loading=\"lazy\" width=\"3000\" height=\"2000\" class=\"wp-image-24393\" src=\"https:\/\/wicmtl.ca\/wp-content\/uploads\/2024\/11\/9.png\" alt=\"\" decoding=\"async\" style=\"object-fit: cover; object-position: 58% 32%;\"  data-title=\"Alum Career Fair - Entrepreneurship\" srcset=\"https:\/\/wicmtl.ca\/wp-content\/uploads\/2024\/11\/9.png 3000w, https:\/\/wicmtl.ca\/wp-content\/uploads\/2024\/11\/9-300x200.png 300w, https:\/\/wicmtl.ca\/wp-content\/uploads\/2024\/11\/9-1024x683.png 1024w, https:\/\/wicmtl.ca\/wp-content\/uploads\/2024\/11\/9-768x512.png 768w, https:\/\/wicmtl.ca\/wp-content\/uploads\/2024\/11\/9-50x33.png 50w, https:\/\/wicmtl.ca\/wp-content\/uploads\/2024\/11\/9-1600x1067.png 1600w, https:\/\/wicmtl.ca\/wp-content\/uploads\/2024\/11\/9-1536x1024.png 1536w, https:\/\/wicmtl.ca\/wp-content\/uploads\/2024\/11\/9-2048x1365.png 2048w\" sizes=\"auto, (max-width: 3000px) 100vw, 3000px\" \/><div class=\"eedee-background-div__overlay\" style=\"opacity:1;\"><\/div><\/div><div class=\"slide-content\">\n\n<p class=\"has-text-align-center gutenslider-content-initial has-larger-font-size\"><\/p>\n\n<\/div><\/div>\n\n<div class=\"swiper-slide wp-block-eedee-block-gutenslide is-position-center-center ed-bg-image\" style=\"--ed-vw:300;--ed-vh:200;\" data-hash=\"\"><div class=\"eedee-background-div bg-image\"><img loading=\"lazy\" width=\"3000\" height=\"2000\" class=\"wp-image-24395\" src=\"https:\/\/wicmtl.ca\/wp-content\/uploads\/2024\/11\/10.png\" alt=\"\" decoding=\"async\" style=\"object-fit: cover; object-position: 55% 67%;\"  data-title=\"Alum Career Fair - Health and Medecine\" srcset=\"https:\/\/wicmtl.ca\/wp-content\/uploads\/2024\/11\/10.png 3000w, https:\/\/wicmtl.ca\/wp-content\/uploads\/2024\/11\/10-300x200.png 300w, https:\/\/wicmtl.ca\/wp-content\/uploads\/2024\/11\/10-1024x683.png 1024w, https:\/\/wicmtl.ca\/wp-content\/uploads\/2024\/11\/10-768x512.png 768w, https:\/\/wicmtl.ca\/wp-content\/uploads\/2024\/11\/10-50x33.png 50w, https:\/\/wicmtl.ca\/wp-content\/uploads\/2024\/11\/10-1600x1067.png 1600w, https:\/\/wicmtl.ca\/wp-content\/uploads\/2024\/11\/10-1536x1024.png 1536w, https:\/\/wicmtl.ca\/wp-content\/uploads\/2024\/11\/10-2048x1365.png 2048w\" sizes=\"auto, (max-width: 3000px) 100vw, 3000px\" \/><div class=\"eedee-background-div__overlay\" style=\"opacity:1;\"><\/div><\/div><div class=\"slide-content\">\n\n<p class=\"has-text-align-center gutenslider-content-initial has-larger-font-size\"><\/p>\n\n<\/div><\/div>\n<\/div><\/div><button class=\"eedee-gutenslider-nav eedee-gutenslider-prev\"><svg xmlns=\"http:\/\/www.w3.org\/2000\/svg\" viewBox=\"0 0 24 24\" width=\"24\" height=\"24\"><circle class=\"bg\" cx=\"13\" cy=\"12\" r=\"11\" \/><path fill=\"none\" d=\"M0 0h24v24H0z\"\/><path class=\"arrow\" d=\"M10.828 12l4.95 4.95-1.414 1.414L8 12l6.364-6.364 1.414 1.414z\"\/><\/svg><\/button><button class=\"eedee-gutenslider-nav eedee-gutenslider-next\"><svg xmlns=\"http:\/\/www.w3.org\/2000\/svg\" viewBox=\"0 0 24 24\" width=\"24\" height=\"24\"><circle class=\"bg\" cx=\"11\" cy=\"12\" r=\"11\" \/><path fill=\"none\" d=\"M0 0h24v24H0z\"\/><path class=\"arrow\" d=\"M13.172 12l-4.95-4.95 1.414-1.414L16 12l-6.364 6.364-1.414-1.414z\"\/><\/svg><\/button><div class=\"eedee-gutenslider-pagination\"><\/div><div class=\"gutenslider-divider-bottom \" style=\"color:#fff;\"><\/div><\/div><\/div><div class=\"gb-container gb-container-c98c6532\"><\/div>","protected":false},"excerpt":{"rendered":"<p>Choisir une carri\u00e8re peut \u00eatre \u00e0 la fois excitant et intimidant, avec tant de possibilit\u00e9s \u00e0 consid\u00e9rer, ce qui peut apporter de l\u2019incertitude. Pour guider les \u00e9l\u00e8ves de 5e secondaire dans ce processus, nous avons accueilli 16 dipl\u00f4m\u00e9s sur le campus le 13 novembre 2024, \u00e0 l\u2019occasion du Salon des carri\u00e8res des dipl\u00f4m\u00e9s. Lors de &#8230; <a title=\"Boucler la boucle: des dipl\u00f4m\u00e9s reviennent sur le campus pour inspirer de futures carri\u00e8res\" class=\"read-more\" href=\"https:\/\/wicmtl.ca\/fr\/2024\/11\/21\/boucler-la-boucle-des-diplomes-reviennent-sur-le-campus-pour-inspirer-de-futures-carrieres\/\" aria-label=\"En savoir plus sur Boucler la boucle: des dipl\u00f4m\u00e9s reviennent sur le campus pour inspirer de futures carri\u00e8res\">Lire plus<\/a><\/p>\n","protected":false},"author":13,"featured_media":24399,"comment_status":"closed","ping_status":"closed","sticky":false,"template":"","format":"standard","meta":{"_themeisle_gutenberg_block_has_review":false,"footnotes":""},"categories":[7],"tags":[],"class_list":["post-24402","post","type-post","status-publish","format-standard","has-post-thumbnail","hentry","category-non-classifiee"],"_links":{"self":[{"href":"https:\/\/wicmtl.ca\/fr\/wp-json\/wp\/v2\/posts\/24402","targetHints":{"allow":["GET"]}}],"collection":[{"href":"https:\/\/wicmtl.ca\/fr\/wp-json\/wp\/v2\/posts"}],"about":[{"href":"https:\/\/wicmtl.ca\/fr\/wp-json\/wp\/v2\/types\/post"}],"author":[{"embeddable":true,"href":"https:\/\/wicmtl.ca\/fr\/wp-json\/wp\/v2\/users\/13"}],"replies":[{"embeddable":true,"href":"https:\/\/wicmtl.ca\/fr\/wp-json\/wp\/v2\/comments?post=24402"}],"version-history":[{"count":1,"href":"https:\/\/wicmtl.ca\/fr\/wp-json\/wp\/v2\/posts\/24402\/revisions"}],"predecessor-version":[{"id":24403,"href":"https:\/\/wicmtl.ca\/fr\/wp-json\/wp\/v2\/posts\/24402\/revisions\/24403"}],"wp:featuredmedia":[{"embeddable":true,"href":"https:\/\/wicmtl.ca\/fr\/wp-json\/wp\/v2\/media\/24399"}],"wp:attachment":[{"href":"https:\/\/wicmtl.ca\/fr\/wp-json\/wp\/v2\/media?parent=24402"}],"wp:term":[{"taxonomy":"category","embeddable":true,"href":"https:\/\/wicmtl.ca\/fr\/wp-json\/wp\/v2\/categories?post=24402"},{"taxonomy":"post_tag","embeddable":true,"href":"https:\/\/wicmtl.ca\/fr\/wp-json\/wp\/v2\/tags?post=24402"}],"curies":[{"name":"wp","href":"https:\/\/api.w.org\/{rel}","templated":true}]}}