{"id":19078,"date":"2021-10-08T17:11:30","date_gmt":"2022-07-13T20:14:57","guid":{"rendered":"https:\/\/wicmtl.ca\/2022\/07\/13\/montrer-notre-reconnaissance-et-donner-au-suivant\/"},"modified":"2022-07-13T20:14:57","modified_gmt":"2022-07-13T20:14:57","slug":"montrer-notre-reconnaissance-et-donner-au-suivant","status":"publish","type":"post","link":"https:\/\/wicmtl.ca\/fr\/2021\/10\/08\/montrer-notre-reconnaissance-et-donner-au-suivant\/","title":{"rendered":"Montrer notre reconnaissance et donner au suivant"},"content":{"rendered":"\n<p>\u00a0<\/p>\n<p><br \/>Notre \u00e9cole a tellement de raisons d&#8217;\u00eatre reconnaissante compte tenu des extraordinaires r\u00e9alisations accomplies au cours des 18 derniers mois. Nous n\u2019aurions jamais pu r\u00e9aliser tout cela sans nous soucier les uns des autres et maintenir les liens qui nous unissent. Nos vies ont \u00e9t\u00e9 enrichies par notre interd\u00e9pendance. Les valeurs cl\u00e9s du Coll\u00e8ge prennent plus d\u2019importance que jamais. La communaut\u00e9, la citoyennet\u00e9 et le respect : nos actions individuelles comptent \u00e9norm\u00e9ment lorsqu\u2019il est question de sant\u00e9, de s\u00e9curit\u00e9 et du bien-\u00eatre des autres.<\/p>\n<p><br \/>L\u2019une des valeurs fondamentales du Coll\u00e8ge de l\u2019Ouest de l\u2019\u00cele est le civisme. Nous croyons fermement que chaque individu a le devoir de contribuer de fa\u00e7on significative \u00e0 la communaut\u00e9 locale et mondiale. Le service communautaire est un \u00e9l\u00e9ment important du curriculum du Coll\u00e8ge de l\u2019Ouest de l\u2019\u00cele et offre \u00e0 tous les \u00e9l\u00e8ves l\u2019occasion de faire du b\u00e9n\u00e9volat au sein d\u2019une organisation qui correspond \u00e0 leurs champs d\u2019int\u00e9r\u00eat et \u00e0 leurs passions. Cette exp\u00e9rience est extr\u00eamement gratifiante \u00e0 bien des \u00e9gards pour les \u00e9l\u00e8ves : elle contribue \u00e0 renforcer l\u2019estime de soi par la r\u00e9alisation, elle stimule le bien-\u00eatre social et \u00e9motionnel, elle offre de pr\u00e9cieuses occasions de r\u00e9seautage et elle insuffle un sentiment de fiert\u00e9 gr\u00e2ce aux effets positifs de leurs actions dans la communaut\u00e9.<\/p>\n<p><br \/><img loading=\"lazy\" decoding=\"async\" class=\"aligncenter wp-image-16567 size-large\" src=\"https:\/\/wicmtl.ca\/wp-content\/uploads\/2021\/10\/Sec-3-service-awards-1024x768.jpeg\" alt=\"\" width=\"474\" height=\"356\" \/><\/p>\n<p>Au cours des deux derni\u00e8res semaines, nous avons soulign\u00e9 les \u00e9l\u00e8ves qui sont all\u00e9s au-del\u00e0 des limites en donnant de leur temps pour aider dans la communaut\u00e9. Nous sommes tr\u00e8s fiers de nos 78 \u00e9l\u00e8ves qui ont doubl\u00e9 le nombre d\u2019heures de service \u00e0 la communaut\u00e9 durant la derni\u00e8re ann\u00e9e scolaire (photo : laur\u00e9ats de 2e secondaire des prix 2020-21 avec notre directeur g\u00e9n\u00e9ral, Eric Jabal et \u00c9milie Simard, directrice des niveaux 1re et 2e secondaire).<\/p>\n<p>Dans le cadre de l\u2019Action de gr\u00e2ce ce week-end, nous voulons prendre un moment pour r\u00e9fl\u00e9chir et exprimer notre reconnaissance. Que pouvons-nous faire pour redonner aux autres? \u00catre positif, trouver le meilleur chez les autres et faire preuve de bont\u00e9 envers les autres sont des qualit\u00e9s qui font de nous de bonnes personnes.<\/p>\n<p><br \/><strong>En ce mois d\u2019octobre, nos \u00e9l\u00e8ves redonnent \u00e0 la communaut\u00e9<\/strong>. Nous sommes ravis de reprendre notre Marche annuelle pour la gu\u00e9rison du diab\u00e8te de la Fondation de la recherche sur le diab\u00e8te juv\u00e9nile (FRDJ). Notre campus en entier marchera le 19 octobre pour amasser des fonds importants pour la recherche d&#8217;un rem\u00e8de contre le diab\u00e8te de type 1. Cette ann\u00e9e marque notre 20e anniversaire de partenariat avec FRDJ Canada. Au cours des 19 derni\u00e8res ann\u00e9es, notre \u00e9cole a amass\u00e9 un peu plus de 502 000 $!<\/p>\n<p><br \/>Nos \u00e9l\u00e8ves ont d\u00e9cid\u00e9 de relever le d\u00e9fi et s\u2019affairent d\u00e9j\u00e0 \u00e0 amasser des fonds par l\u2019entremise du site Web de FRDJ, notamment en organisant des d\u00e9fis maison amusants et des d\u00e9fis individuels. Chaque \u00e9l\u00e8ve doit amasser la somme minimale sugg\u00e9r\u00e9e de 40 $. Si vous n&#8217;avez pas encore re\u00e7u votre invitation \u00e0 faire un don, veuillez <span style=\"background-color: #ffffff;\"><strong><a style=\"background-color: #ffffff;\" href=\"https:\/\/jdrf.akaraisin.com\/ui\/21frdjmarche\/g\/28373\" rel=\"noopener\">visiter le site<\/a><\/strong> <\/span>et contribuer d\u00e8s aujourd&#8217;hui!<\/p>\n<p><br \/>Nous vous remercions d\u2019encourager nos \u00e9l\u00e8ves \u00e0 s\u2019impliquer dans la communaut\u00e9 et \u00e0 faire une bonne action.<\/p>\n","protected":false},"excerpt":{"rendered":"","protected":false},"author":2,"featured_media":18693,"comment_status":"open","ping_status":"open","sticky":false,"template":"","format":"standard","meta":{"_themeisle_gutenberg_block_has_review":false,"footnotes":""},"categories":[1],"tags":[],"class_list":["post-19078","post","type-post","status-publish","format-standard","has-post-thumbnail","hentry","category-uncategorized"],"_links":{"self":[{"href":"https:\/\/wicmtl.ca\/fr\/wp-json\/wp\/v2\/posts\/19078","targetHints":{"allow":["GET"]}}],"collection":[{"href":"https:\/\/wicmtl.ca\/fr\/wp-json\/wp\/v2\/posts"}],"about":[{"href":"https:\/\/wicmtl.ca\/fr\/wp-json\/wp\/v2\/types\/post"}],"author":[{"embeddable":true,"href":"https:\/\/wicmtl.ca\/fr\/wp-json\/wp\/v2\/users\/2"}],"replies":[{"embeddable":true,"href":"https:\/\/wicmtl.ca\/fr\/wp-json\/wp\/v2\/comments?post=19078"}],"version-history":[{"count":0,"href":"https:\/\/wicmtl.ca\/fr\/wp-json\/wp\/v2\/posts\/19078\/revisions"}],"wp:featuredmedia":[{"embeddable":true,"href":"https:\/\/wicmtl.ca\/fr\/wp-json\/wp\/v2\/media\/18693"}],"wp:attachment":[{"href":"https:\/\/wicmtl.ca\/fr\/wp-json\/wp\/v2\/media?parent=19078"}],"wp:term":[{"taxonomy":"category","embeddable":true,"href":"https:\/\/wicmtl.ca\/fr\/wp-json\/wp\/v2\/categories?post=19078"},{"taxonomy":"post_tag","embeddable":true,"href":"https:\/\/wicmtl.ca\/fr\/wp-json\/wp\/v2\/tags?post=19078"}],"curies":[{"name":"wp","href":"https:\/\/api.w.org\/{rel}","templated":true}]}}