{"id":19042,"date":"2020-12-04T18:39:54","date_gmt":"2020-12-04T18:39:54","guid":{"rendered":"https:\/\/wicmtl.ca\/2022\/07\/13\/la-joie-refuse-de-baisser-les-bras-passons-a-un-etat-desprit-paradoxal\/"},"modified":"2022-10-31T17:47:54","modified_gmt":"2022-10-31T17:47:54","slug":"la-joie-refuse-de-baisser-les-bras-passons-a-un-etat-desprit-paradoxal","status":"publish","type":"post","link":"https:\/\/wicmtl.ca\/fr\/2020\/12\/04\/la-joie-refuse-de-baisser-les-bras-passons-a-un-etat-desprit-paradoxal\/","title":{"rendered":"La joie refuse de baisser les bras: passons \u00e0 un \u00ab\u00e9tat d\u2019esprit paradoxal\u00bb?"},"content":{"rendered":"\n<h3><b>&nbsp;<\/b><\/h3>\n<h3>Quelle semaine anim\u00e9e et enrichissante!<\/h3>\n<p>Gr\u00e2ce \u00e0 votre participation, les activit\u00e9s de renforcement de la communaut\u00e9 nous ont aid\u00e9s \u00e0 marquer la journ\u00e9e Mardi je donne et \u00e0 d\u00e9marrer le mois de d\u00e9cembre avec de la couleur, des sourires et des rires. Nos leaders \u00e9tudiants se sont surpass\u00e9s en coordonnant les \u00e9v\u00e9nements de collecte du \u00ab calendrier de l&#8217;Avent invers\u00e9 \u00bb en plus d\u2019avoir organis\u00e9 des comp\u00e9titions et des activit\u00e9s chaque jour pour accumuler des points de maison. La joie refuse d&#8217;\u00eatre att\u00e9nu\u00e9e. <a href=\"https:\/\/files.constantcontact.com\/ec1eeefd301\/63cbad46-fd8f-4c76-9c1e-2a4c0810207d.pdf\" rel=\"noopener\">Cliquez ici<\/a>&nbsp;pour voir le calendrier de l&#8217;Avent invers\u00e9 du Coll\u00e8ge avec les activit\u00e9s de la semaine prochaine sur le campus.<\/p>\n<h3>Patience, passion et pers\u00e9v\u00e9rance<\/h3>\n<p>Alors que nous nous effor\u00e7ons \u00e0 terminer l&#8217;ann\u00e9e en force et \u00e0 d\u00e9velopper nos capacit\u00e9s pour une meilleure nouvelle ann\u00e9e , un article r\u00e9cent de la BBC sur la valeur d&#8217;un \u00ab\u00e9tat d&#8217;esprit paradoxal\u00bb m&#8217;a fait r\u00e9fl\u00e9chir \u00e0 l&#8217;importance d&#8217;embrasser des \u00e9motions et des id\u00e9es contradictoires. En effet, le pouvoir g\u00e9n\u00e9rateur du conflit est inh\u00e9rent \u00e0 la notion confuc\u00e9enne du yin \/ yang, qui a nettement fa\u00e7onn\u00e9 mon d\u00e9veloppement en tant qu&#8217;enseignant et leader pendant mes ann\u00e9es dans la r\u00e9gion Asie-Pacifique.<\/p>\n<p>En particulier, la crise que nous avons v\u00e9cue en 2020 a amplifi\u00e9 pour moi l&#8217;int\u00e9r\u00eat d&#8217;appliquer une lentille yin \/ yang dans ma vie quotidienne. Voir le monde comme \u00ab\u00e0 la fois \/ et\u00bb au lieu de \u00abl&#8217;un ou l&#8217;autre\u00bb est utile pour naviguer dans les \u00e9preuves de la COVID qui affectent toutes les parties de nos vies. Avez-vous essay\u00e9 de recadrer les d\u00e9fis concurrents comme des opportunit\u00e9s de croissance et comme une source de motivation? En adoptant un \u00e9tat d&#8217;esprit paradoxal, nous pouvons mieux identifier les probl\u00e8mes, comprendre comment ceux-ci interagissent au sein de nos syst\u00e8mes interd\u00e9pendants et avoir le courage d&#8217;explorer des options qui peuvent r\u00e9unir des forces oppos\u00e9es mais compl\u00e9mentaires pour parvenir \u00e0 une solution.<\/p>\n<p>Comme cela a \u00e9merg\u00e9 au cours de notre 2020\/21 ensemble, les \u00e9l\u00e8ves et les enseignants du Coll\u00e8ge trouvent des moyens constructifs d&#8217;apprendre et d&#8217;enseigner, d&#8217;\u00eatre et d&#8217;appartenir, dans ce nouvel environnement COVID. Cela nous a tous bien pouss\u00e9s hors de nos zones de confort. Mais avec patience, passion et pers\u00e9v\u00e9rance, nous y parvenons. Merci aux familles de continuer \u00e0 jouer votre r\u00f4le chez vous sur ce front commun: plus forts ensemble, tous ensemble.<\/p>\n<p>Eric Jabal,<br>Directeur g\u00e9n\u00e9ral<\/p>\n","protected":false},"excerpt":{"rendered":"","protected":false},"author":2,"featured_media":20200,"comment_status":"open","ping_status":"open","sticky":false,"template":"","format":"standard","meta":{"_themeisle_gutenberg_block_has_review":false,"footnotes":""},"categories":[1],"tags":[],"class_list":["post-19042","post","type-post","status-publish","format-standard","has-post-thumbnail","hentry","category-uncategorized"],"_links":{"self":[{"href":"https:\/\/wicmtl.ca\/fr\/wp-json\/wp\/v2\/posts\/19042","targetHints":{"allow":["GET"]}}],"collection":[{"href":"https:\/\/wicmtl.ca\/fr\/wp-json\/wp\/v2\/posts"}],"about":[{"href":"https:\/\/wicmtl.ca\/fr\/wp-json\/wp\/v2\/types\/post"}],"author":[{"embeddable":true,"href":"https:\/\/wicmtl.ca\/fr\/wp-json\/wp\/v2\/users\/2"}],"replies":[{"embeddable":true,"href":"https:\/\/wicmtl.ca\/fr\/wp-json\/wp\/v2\/comments?post=19042"}],"version-history":[{"count":1,"href":"https:\/\/wicmtl.ca\/fr\/wp-json\/wp\/v2\/posts\/19042\/revisions"}],"predecessor-version":[{"id":20202,"href":"https:\/\/wicmtl.ca\/fr\/wp-json\/wp\/v2\/posts\/19042\/revisions\/20202"}],"wp:featuredmedia":[{"embeddable":true,"href":"https:\/\/wicmtl.ca\/fr\/wp-json\/wp\/v2\/media\/20200"}],"wp:attachment":[{"href":"https:\/\/wicmtl.ca\/fr\/wp-json\/wp\/v2\/media?parent=19042"}],"wp:term":[{"taxonomy":"category","embeddable":true,"href":"https:\/\/wicmtl.ca\/fr\/wp-json\/wp\/v2\/categories?post=19042"},{"taxonomy":"post_tag","embeddable":true,"href":"https:\/\/wicmtl.ca\/fr\/wp-json\/wp\/v2\/tags?post=19042"}],"curies":[{"name":"wp","href":"https:\/\/api.w.org\/{rel}","templated":true}]}}