{"id":19031,"date":"2020-11-06T17:40:13","date_gmt":"2020-11-06T17:40:13","guid":{"rendered":"https:\/\/wicmtl.ca\/2022\/07\/13\/gratitude-a-loccasion-du-jour-du-souvenir\/"},"modified":"2022-10-31T17:49:19","modified_gmt":"2022-10-31T17:49:19","slug":"gratitude-a-loccasion-du-jour-du-souvenir","status":"publish","type":"post","link":"https:\/\/wicmtl.ca\/fr\/2020\/11\/06\/gratitude-a-loccasion-du-jour-du-souvenir\/","title":{"rendered":"Gratitude \u00e0 l\u2019occasion du jour du Souvenir"},"content":{"rendered":"\n<p><b>&nbsp;<\/b><\/p>\n<p>&nbsp;<\/p>\n<p><span style=\"font-weight: 400;\">Le Coll\u00e8ge tiendra une c\u00e9r\u00e9monie en m\u00e9moire du jour du Souvenir le mercredi 11 novembre 2020 de 10 h 40 \u00e0 11 h 05. La c\u00e9r\u00e9monie sera diffus\u00e9e par les enseignants dans chacune des classes de la 3e p\u00e9riode afin de permettre \u00e0 tous nos \u00e9l\u00e8ves d\u2019y participer.&nbsp; Le port de l&#8217;uniforme formel (veston, cravate) est requis par les \u00e9l\u00e8ves sur le campus.<\/span><\/p>\n<p><span style=\"font-weight: 400;\">L\u2019importance de cette c\u00e9r\u00e9monie, dont les valeurs correspondent \u00e0 celles du Coll\u00e8ge, qui rend hommage \u00e0 nos v\u00e9t\u00e9rans et \u00e0 leurs sacrifices, surtout dans le cadre du 75<\/span><span style=\"font-weight: 400;\">e<\/span><span style=\"font-weight: 400;\"> anniversaire de la fin de la Seconde Guerre mondiale, prend encore plus d\u2019ampleur dans le contexte actuel de la pand\u00e9mie.<\/span><\/p>\n<p><span style=\"font-weight: 400;\">Les journ\u00e9es menant au jour du Souvenir sont des occasions particuli\u00e8rement propices pour instruire et \u00e0 cet effet, les \u00e9l\u00e8ves de 4<\/span><span style=\"font-weight: 400;\">e<\/span><span style=\"font-weight: 400;\"> secondaire explorent les pages du journal <\/span><i><span style=\"font-weight: 400;\">Le Canada se souvient<\/span><\/i><a href=\"https:\/\/twitter.com\/VeteransENG_CA\" rel=\"noopener\"> <span style=\"font-weight: 400;\">@VeteransENG_CA<\/span><\/a><span style=\"font-weight: 400;\"> dans leur cours d\u2019histoire.<\/span><\/p>\n<p><a href=\"https:\/\/wicmtl.ca\/?attachment_id=15169&amp;lang=fr\" rel=\"attachment wp-att-15169\"><img loading=\"lazy\" decoding=\"async\" class=\"alignnone size-medium wp-image-15169\" src=\"https:\/\/wicmtl.ca\/wp-content\/uploads\/2020\/11\/Final-300x191.jpg\" alt=\"\" width=\"300\" height=\"191\"><\/a><\/p>\n<p><span style=\"font-weight: 400;\">Tous les \u00e9l\u00e8ves \u00e9criront des messages de gratitude dans des coquelicots qui seront install\u00e9s sur les murs de l\u2019\u00e9cole pour les d\u00e9corer dans le cadre de l\u2019activit\u00e9 \u00ab Coquelicots d\u2019amour \u00bb.<\/span><\/p>\n<p><span style=\"font-weight: 400;\">Mercredi, la communaut\u00e9 du Coll\u00e8ge sera convoqu\u00e9e \u00e0 une assembl\u00e9e virtuelle pour toute l\u2019\u00e9cole pour souligner l\u2019occasion.&nbsp;<\/span><\/p>\n","protected":false},"excerpt":{"rendered":"","protected":false},"author":2,"featured_media":20204,"comment_status":"open","ping_status":"open","sticky":false,"template":"","format":"standard","meta":{"_themeisle_gutenberg_block_has_review":false,"footnotes":""},"categories":[1],"tags":[],"class_list":["post-19031","post","type-post","status-publish","format-standard","has-post-thumbnail","hentry","category-uncategorized"],"_links":{"self":[{"href":"https:\/\/wicmtl.ca\/fr\/wp-json\/wp\/v2\/posts\/19031","targetHints":{"allow":["GET"]}}],"collection":[{"href":"https:\/\/wicmtl.ca\/fr\/wp-json\/wp\/v2\/posts"}],"about":[{"href":"https:\/\/wicmtl.ca\/fr\/wp-json\/wp\/v2\/types\/post"}],"author":[{"embeddable":true,"href":"https:\/\/wicmtl.ca\/fr\/wp-json\/wp\/v2\/users\/2"}],"replies":[{"embeddable":true,"href":"https:\/\/wicmtl.ca\/fr\/wp-json\/wp\/v2\/comments?post=19031"}],"version-history":[{"count":1,"href":"https:\/\/wicmtl.ca\/fr\/wp-json\/wp\/v2\/posts\/19031\/revisions"}],"predecessor-version":[{"id":20206,"href":"https:\/\/wicmtl.ca\/fr\/wp-json\/wp\/v2\/posts\/19031\/revisions\/20206"}],"wp:featuredmedia":[{"embeddable":true,"href":"https:\/\/wicmtl.ca\/fr\/wp-json\/wp\/v2\/media\/20204"}],"wp:attachment":[{"href":"https:\/\/wicmtl.ca\/fr\/wp-json\/wp\/v2\/media?parent=19031"}],"wp:term":[{"taxonomy":"category","embeddable":true,"href":"https:\/\/wicmtl.ca\/fr\/wp-json\/wp\/v2\/categories?post=19031"},{"taxonomy":"post_tag","embeddable":true,"href":"https:\/\/wicmtl.ca\/fr\/wp-json\/wp\/v2\/tags?post=19031"}],"curies":[{"name":"wp","href":"https:\/\/api.w.org\/{rel}","templated":true}]}}