{"id":19029,"date":"2020-11-06T17:21:10","date_gmt":"2022-07-13T20:13:41","guid":{"rendered":"https:\/\/wicmtl.ca\/2022\/07\/13\/nouveau-programme-au-college-wic-campus-connect\/"},"modified":"2022-07-13T20:13:41","modified_gmt":"2022-07-13T20:13:41","slug":"nouveau-programme-au-college-wic-campus-connect","status":"publish","type":"post","link":"https:\/\/wicmtl.ca\/fr\/2020\/11\/06\/nouveau-programme-au-college-wic-campus-connect\/","title":{"rendered":"Nouveau programme au Coll\u00e8ge : WIC Campus Connect"},"content":{"rendered":"\n\n\n\n\n<p>Le Coll\u00e8ge de l\u2019Ouest de l\u2019\u00cele a r\u00e9cemment lanc\u00e9 le nouveau programme <strong>WIC Campus Connect <\/strong>en vue de soutenir les futurs et plus r\u00e9cents dipl\u00f4m\u00e9s du Coll\u00e8ge. Le programme WIC Campus Connect jumellera des finissants avec des anciens \u00e9l\u00e8ves du Coll\u00e8ge actuellement inscrits \u00e0 l\u2019universit\u00e9 dans des programmes de concentrations et d\u2019int\u00e9r\u00eats similaires. \u00a0<\/p>\n<p>\u00a0<\/p>\n<p>Cette ann\u00e9e, les \u00e9l\u00e8ves de 5<sup>e<\/sup> secondaire auront l\u2019occasion d\u2019\u00e9couter nos \u00e9l\u00e8ves mentors qui poursuivent actuellement des \u00e9tudes dans une vaste gamme de programmes et de sp\u00e9cialisations. Cette semaine, les \u00e9l\u00e8ves ont rencontr\u00e9 virtuellement Kaela O\u2019Connor, promotion 2014, \u00e9tudiante \u00e0 la ma\u00eetrise en m\u00e9decine cellulaire et mol\u00e9culaire \u00e0 l\u2019Universit\u00e9 d\u2019Ottawa, et Montana S\u00e9guin, promotion 2015, \u00e9tudiante en sant\u00e9, kin\u00e9siologie et physiologie appliqu\u00e9e \u00e0 l\u2019Universit\u00e9 Concordia. Les deux dipl\u00f4m\u00e9es du Coll\u00e8ge ont partag\u00e9 avec franchise leurs exp\u00e9riences du passage \u00e0 l\u2019universit\u00e9 et les \u00e9tapes qui les ont men\u00e9es \u00e0 cibler le domaine des sciences de la sant\u00e9. Elles ont \u00e9galement pris le temps de r\u00e9pondre aux questions et aux pr\u00e9occupations des \u00e9l\u00e8ves. \u00a0<\/p>\n<p>\u00a0<\/p>\n<p>Kaela et Montana s\u2019entendent pour dire que l\u2019adaptation aux \u00e9tudes postsecondaires peut \u00eatre difficile et qu\u2019\u00e9tablir un syst\u00e8me de soutien d\u00e8s le d\u00e9but est essentiel pour minimiser le stress. Le programme WIC Campus Connect esp\u00e8re faciliter la transition des \u00e9l\u00e8ves en mettant \u00e0 leur disposition un r\u00e9seau de soutien compos\u00e9 d\u2019anciens \u00e9l\u00e8ves du Coll\u00e8ge avant d\u2019entamer leur parcours au c\u00e9gep et \u00e0 l\u2019universit\u00e9. \u00a0<\/p>\n<p>\u00a0<\/p>\n<p>Si vous \u00eates dipl\u00f4m\u00e9(e) du Coll\u00e8ge et que vous souhaitez participer au programme WIC Campus Connect, veuillez nous en informer \u00e0 gfox@wicmtl.ca.\u00a0<\/p>\n<p>\u00a0<\/p>\n","protected":false},"excerpt":{"rendered":"","protected":false},"author":2,"featured_media":19027,"comment_status":"open","ping_status":"open","sticky":false,"template":"","format":"standard","meta":{"_themeisle_gutenberg_block_has_review":false,"footnotes":""},"categories":[1],"tags":[],"class_list":["post-19029","post","type-post","status-publish","format-standard","has-post-thumbnail","hentry","category-uncategorized"],"_links":{"self":[{"href":"https:\/\/wicmtl.ca\/fr\/wp-json\/wp\/v2\/posts\/19029","targetHints":{"allow":["GET"]}}],"collection":[{"href":"https:\/\/wicmtl.ca\/fr\/wp-json\/wp\/v2\/posts"}],"about":[{"href":"https:\/\/wicmtl.ca\/fr\/wp-json\/wp\/v2\/types\/post"}],"author":[{"embeddable":true,"href":"https:\/\/wicmtl.ca\/fr\/wp-json\/wp\/v2\/users\/2"}],"replies":[{"embeddable":true,"href":"https:\/\/wicmtl.ca\/fr\/wp-json\/wp\/v2\/comments?post=19029"}],"version-history":[{"count":0,"href":"https:\/\/wicmtl.ca\/fr\/wp-json\/wp\/v2\/posts\/19029\/revisions"}],"wp:featuredmedia":[{"embeddable":true,"href":"https:\/\/wicmtl.ca\/fr\/wp-json\/wp\/v2\/media\/19027"}],"wp:attachment":[{"href":"https:\/\/wicmtl.ca\/fr\/wp-json\/wp\/v2\/media?parent=19029"}],"wp:term":[{"taxonomy":"category","embeddable":true,"href":"https:\/\/wicmtl.ca\/fr\/wp-json\/wp\/v2\/categories?post=19029"},{"taxonomy":"post_tag","embeddable":true,"href":"https:\/\/wicmtl.ca\/fr\/wp-json\/wp\/v2\/tags?post=19029"}],"curies":[{"name":"wp","href":"https:\/\/api.w.org\/{rel}","templated":true}]}}