{"id":18914,"date":"2019-10-10T14:11:53","date_gmt":"2022-07-13T20:11:05","guid":{"rendered":"https:\/\/wicmtl.ca\/2022\/07\/13\/journee-annuelle-des-grands-parents-famille-proche-le-10-octobre-2019\/"},"modified":"2022-10-31T20:10:38","modified_gmt":"2022-10-31T20:10:38","slug":"journee-annuelle-des-grands-parents-famille-proche-le-10-octobre-2019","status":"publish","type":"post","link":"https:\/\/wicmtl.ca\/fr\/2019\/10\/10\/journee-annuelle-des-grands-parents-famille-proche-le-10-octobre-2019\/","title":{"rendered":"Journ\u00e9e annuelle des grands-parents\/famille proche &#8211; le 10 octobre 2019"},"content":{"rendered":"\n<p>Le Coll\u00e8ge a tenu sa quatri\u00e8me journ\u00e9e annuelle des grands-parents\/famille proche pour les \u00e9l\u00e8ves de 1<sup>re<\/sup> secondaire ce matin. Cette journ\u00e9e est devenue une nouvelle tradition et l\u2019une des plus attendues par le personnel, les \u00e9l\u00e8ves et les grands-parents! Les pr\u00e9cieux moments partag\u00e9s entre la jeunesse et la sagesse font de cet \u00e9v\u00e9nement une activit\u00e9 \u00e0 part des autres durant l\u2019ann\u00e9e. Des rafra\u00eechissements ont \u00e9t\u00e9 servis, des photos de famille ont \u00e9t\u00e9 prises et des visites ont \u00e9t\u00e9 &nbsp;effectu\u00e9es par les \u00e9l\u00e8ves. Ce fut une matin\u00e9e m\u00e9morable o\u00f9 tous les participants rayonnaient de fiert\u00e9 pendant qu&#8217;ils passaient d\u2019agr\u00e9ables moments ensemble.<\/p>\n<p><a href=\"https:\/\/wicmtl.ca\/wp-content\/uploads\/2019\/10\/IMG_4359.jpg\"><img loading=\"lazy\" decoding=\"async\" class=\"alignnone size-medium wp-image-11831\" src=\"https:\/\/wicmtl.ca\/wp-content\/uploads\/2019\/10\/IMG_4359-300x225.jpg\" alt=\"\" width=\"300\" height=\"225\"><\/a><\/p>\n<p><a href=\"https:\/\/wicmtl.ca\/wp-content\/uploads\/2019\/10\/IMG_8771.jpg\"><img loading=\"lazy\" decoding=\"async\" class=\"alignnone size-medium wp-image-11816\" src=\"https:\/\/wicmtl.ca\/wp-content\/uploads\/2019\/10\/IMG_8771-300x200.jpg\" alt=\"\" width=\"300\" height=\"200\"><\/a><\/p>\n<p><a href=\"https:\/\/wicmtl.ca\/wp-content\/uploads\/2019\/10\/IMG_8754.jpeg\"><img loading=\"lazy\" decoding=\"async\" class=\"alignnone size-medium wp-image-11818\" src=\"https:\/\/wicmtl.ca\/wp-content\/uploads\/2019\/10\/IMG_8754-300x200.jpeg\" alt=\"\" width=\"300\" height=\"200\"><\/a><\/p>\n<p><strong>&nbsp;<\/strong><\/p>\n","protected":false},"excerpt":{"rendered":"","protected":false},"author":2,"featured_media":20286,"comment_status":"open","ping_status":"open","sticky":false,"template":"","format":"standard","meta":{"_themeisle_gutenberg_block_has_review":false,"footnotes":""},"categories":[1],"tags":[],"class_list":["post-18914","post","type-post","status-publish","format-standard","has-post-thumbnail","hentry","category-uncategorized"],"_links":{"self":[{"href":"https:\/\/wicmtl.ca\/fr\/wp-json\/wp\/v2\/posts\/18914","targetHints":{"allow":["GET"]}}],"collection":[{"href":"https:\/\/wicmtl.ca\/fr\/wp-json\/wp\/v2\/posts"}],"about":[{"href":"https:\/\/wicmtl.ca\/fr\/wp-json\/wp\/v2\/types\/post"}],"author":[{"embeddable":true,"href":"https:\/\/wicmtl.ca\/fr\/wp-json\/wp\/v2\/users\/2"}],"replies":[{"embeddable":true,"href":"https:\/\/wicmtl.ca\/fr\/wp-json\/wp\/v2\/comments?post=18914"}],"version-history":[{"count":1,"href":"https:\/\/wicmtl.ca\/fr\/wp-json\/wp\/v2\/posts\/18914\/revisions"}],"predecessor-version":[{"id":20288,"href":"https:\/\/wicmtl.ca\/fr\/wp-json\/wp\/v2\/posts\/18914\/revisions\/20288"}],"wp:featuredmedia":[{"embeddable":true,"href":"https:\/\/wicmtl.ca\/fr\/wp-json\/wp\/v2\/media\/20286"}],"wp:attachment":[{"href":"https:\/\/wicmtl.ca\/fr\/wp-json\/wp\/v2\/media?parent=18914"}],"wp:term":[{"taxonomy":"category","embeddable":true,"href":"https:\/\/wicmtl.ca\/fr\/wp-json\/wp\/v2\/categories?post=18914"},{"taxonomy":"post_tag","embeddable":true,"href":"https:\/\/wicmtl.ca\/fr\/wp-json\/wp\/v2\/tags?post=18914"}],"curies":[{"name":"wp","href":"https:\/\/api.w.org\/{rel}","templated":true}]}}