{"id":18864,"date":"2019-05-07T19:14:38","date_gmt":"2022-07-13T20:10:39","guid":{"rendered":"https:\/\/wicmtl.ca\/2022\/07\/13\/premier-de-deux-voyages-internationaux-du-college-a-costa-rica-durant-la-semaine-de-relache-du-printemps-2019\/"},"modified":"2022-07-13T20:10:39","modified_gmt":"2022-07-13T20:10:39","slug":"premier-de-deux-voyages-internationaux-du-college-a-costa-rica-durant-la-semaine-de-relache-du-printemps-2019","status":"publish","type":"post","link":"https:\/\/wicmtl.ca\/fr\/2019\/05\/07\/premier-de-deux-voyages-internationaux-du-college-a-costa-rica-durant-la-semaine-de-relache-du-printemps-2019\/","title":{"rendered":"Premier de deux voyages internationaux du Coll\u00e8ge &#8211; \u00e0 Costa Rica durant la semaine de rel\u00e2che du printemps 2019"},"content":{"rendered":"\n<p>Vingt-six \u00e9l\u00e8ves de secondaire 3 \u00e0 5, accompagn\u00e9s de 3 enseignants, ont voyag\u00e9 jusqu&#8217;\u00e0 Costa Rica, pays d&#8217;Am\u00e9rique centrale du 28 f\u00e9vrier au 7 mars, 2019. Voyager au Costa Rica avec l&#8217;\u00e9cole \u00e9tait une exp\u00e9rience dont ces voyageurs ne souviendraient \u00e0 jamais. Ils ont non seulement laiss\u00e9 un impact sur leur communaut\u00e9 en soutenant leur environnement autonome et en aidant les enfants moins fortun\u00e9s dans une garderie, mais ils ont \u00e9galement eu la possibilit\u00e9 de sortir de leur zone de confort et de pousser leurs limites. La tyrolienne, le surf, le rafting, la randonn\u00e9e et m\u00eame des cours de salsa sont quelques-unes des activit\u00e9s incroyables qu\u2019ils ont pu faire lors de leur visite de ce magnifique pays. Ils ont appris\u00a0 l\u2019importance de soutenir les ranchs et les entreprises locales afin qu\u2019ils puissent prendre exemple de leur style de vie efficace: compostage, recyclage et aucun gaspillage. Finalement, Ils sont rentr\u00e9s \u00e0 la maison avec beaucoup de souvenirs, de rires et de nouvelles amiti\u00e9s avec des gens qu\u2019ils n&#8217;auraient autrement jamais connus. Une exp\u00e9rience incroyable! Merci aux enseignants accompagnateurs :  M. Abravanel, Mme Johnson et M. Paradis. <\/p>\n\n\n\n<ul class=\"wp-block-gallery columns-3 is-cropped wp-block-gallery-1 is-layout-flex wp-block-gallery-is-layout-flex\"><li class=\"blocks-gallery-item\"><figure><img decoding=\"async\" src=\"https:\/\/wicmtl.ca\/wp-content\/uploads\/2019\/05\/IMG_3125-1-1024x768.jpg\" alt=\"\" data-id=\"10750\" data-link=\"https:\/\/wicmtl.ca\/img_3125-2-2\/?lang=fr\" class=\"wp-image-10750\"\/><\/figure><\/li><li class=\"blocks-gallery-item\"><figure><img decoding=\"async\" src=\"https:\/\/wicmtl.ca\/wp-content\/uploads\/2019\/05\/IMG_3120-1-1024x768.jpg\" alt=\"\" data-id=\"10752\" data-link=\"https:\/\/wicmtl.ca\/img_3120-1-2\/?lang=fr\" class=\"wp-image-10752\"\/><\/figure><\/li><li class=\"blocks-gallery-item\"><figure><img decoding=\"async\" src=\"https:\/\/wicmtl.ca\/wp-content\/uploads\/2019\/05\/D01XQGRX4AESKzC.jpg\" alt=\"\" data-id=\"10754\" data-link=\"https:\/\/wicmtl.ca\/d01xqgrx4aeskzc-2\/?lang=fr\" class=\"wp-image-10754\"\/><\/figure><\/li><li class=\"blocks-gallery-item\"><figure><img decoding=\"async\" src=\"https:\/\/wicmtl.ca\/wp-content\/uploads\/2019\/05\/D01XQGIXgAAaHl6.jpg\" alt=\"\" data-id=\"10756\" data-link=\"https:\/\/wicmtl.ca\/d01xqgixgaaahl6-2\/?lang=fr\" class=\"wp-image-10756\"\/><\/figure><\/li><li class=\"blocks-gallery-item\"><figure><img decoding=\"async\" src=\"https:\/\/wicmtl.ca\/wp-content\/uploads\/2019\/05\/Costa-Rica3-769x1024.jpg\" alt=\"\" data-id=\"10758\" data-link=\"https:\/\/wicmtl.ca\/costa-rica3-2\/?lang=fr\" class=\"wp-image-10758\"\/><\/figure><\/li><li class=\"blocks-gallery-item\"><figure><img decoding=\"async\" src=\"https:\/\/wicmtl.ca\/wp-content\/uploads\/2019\/05\/Costa-Rica4.bmp\" alt=\"\" data-id=\"10760\" data-link=\"https:\/\/wicmtl.ca\/costa-rica4-2\/?lang=fr\" class=\"wp-image-10760\"\/><\/figure><\/li><li class=\"blocks-gallery-item\"><figure><img decoding=\"async\" src=\"https:\/\/wicmtl.ca\/wp-content\/uploads\/2019\/05\/IMG_0312-2-1024x768.jpg\" alt=\"\" data-id=\"10762\" data-link=\"https:\/\/wicmtl.ca\/img_0312-2-2\/?lang=fr\" class=\"wp-image-10762\"\/><\/figure><\/li><\/ul>\n","protected":false},"excerpt":{"rendered":"<p>Vingt-six \u00e9l\u00e8ves de secondaire 3 \u00e0 5, accompagn\u00e9s de 3 enseignants, ont voyag\u00e9 jusqu&#8217;\u00e0 Costa Rica, pays d&#8217;Am\u00e9rique centrale du 28 f\u00e9vrier au 7 mars, 2019. Voyager au Costa Rica avec l&#8217;\u00e9cole \u00e9tait une exp\u00e9rience dont ces voyageurs ne souviendraient \u00e0 jamais. Ils ont non seulement laiss\u00e9 un impact sur leur communaut\u00e9 en soutenant leur &#8230; <a title=\"Premier de deux voyages internationaux du Coll\u00e8ge &#8211; \u00e0 Costa Rica durant la semaine de rel\u00e2che du printemps 2019\" class=\"read-more\" href=\"https:\/\/wicmtl.ca\/fr\/2019\/05\/07\/premier-de-deux-voyages-internationaux-du-college-a-costa-rica-durant-la-semaine-de-relache-du-printemps-2019\/\" aria-label=\"En savoir plus sur Premier de deux voyages internationaux du Coll\u00e8ge &#8211; \u00e0 Costa Rica durant la semaine de rel\u00e2che du printemps 2019\">Lire plus<\/a><\/p>\n","protected":false},"author":2,"featured_media":18865,"comment_status":"open","ping_status":"open","sticky":false,"template":"","format":"standard","meta":{"_themeisle_gutenberg_block_has_review":false,"footnotes":""},"categories":[1],"tags":[],"class_list":["post-18864","post","type-post","status-publish","format-standard","has-post-thumbnail","hentry","category-uncategorized"],"_links":{"self":[{"href":"https:\/\/wicmtl.ca\/fr\/wp-json\/wp\/v2\/posts\/18864","targetHints":{"allow":["GET"]}}],"collection":[{"href":"https:\/\/wicmtl.ca\/fr\/wp-json\/wp\/v2\/posts"}],"about":[{"href":"https:\/\/wicmtl.ca\/fr\/wp-json\/wp\/v2\/types\/post"}],"author":[{"embeddable":true,"href":"https:\/\/wicmtl.ca\/fr\/wp-json\/wp\/v2\/users\/2"}],"replies":[{"embeddable":true,"href":"https:\/\/wicmtl.ca\/fr\/wp-json\/wp\/v2\/comments?post=18864"}],"version-history":[{"count":0,"href":"https:\/\/wicmtl.ca\/fr\/wp-json\/wp\/v2\/posts\/18864\/revisions"}],"wp:featuredmedia":[{"embeddable":true,"href":"https:\/\/wicmtl.ca\/fr\/wp-json\/wp\/v2\/media\/18865"}],"wp:attachment":[{"href":"https:\/\/wicmtl.ca\/fr\/wp-json\/wp\/v2\/media?parent=18864"}],"wp:term":[{"taxonomy":"category","embeddable":true,"href":"https:\/\/wicmtl.ca\/fr\/wp-json\/wp\/v2\/categories?post=18864"},{"taxonomy":"post_tag","embeddable":true,"href":"https:\/\/wicmtl.ca\/fr\/wp-json\/wp\/v2\/tags?post=18864"}],"curies":[{"name":"wp","href":"https:\/\/api.w.org\/{rel}","templated":true}]}}