{"id":18858,"date":"2019-04-25T17:55:23","date_gmt":"2019-04-25T17:55:23","guid":{"rendered":"https:\/\/wicmtl.ca\/2022\/07\/13\/les-eleves-de-wic-participent-au-concours-dart-oratoire-de-la-qais-avril-2019\/"},"modified":"2022-11-01T13:34:33","modified_gmt":"2022-11-01T13:34:33","slug":"les-eleves-de-wic-participent-au-concours-dart-oratoire-de-la-qais-avril-2019","status":"publish","type":"post","link":"https:\/\/wicmtl.ca\/fr\/2019\/04\/25\/les-eleves-de-wic-participent-au-concours-dart-oratoire-de-la-qais-avril-2019\/","title":{"rendered":"Les \u00e9l\u00e8ves de WIC participent au concours d&#8217;art oratoire de la QAIS &#8211; avril 2019"},"content":{"rendered":"\n<p>Au cours du mois d&#8217;avril, les \u00e9l\u00e8ves de secondaire 1, 2, 3 et 5 du Coll\u00e8ge de l\u2019Ouest de l\u2019\u00cele ont particip\u00e9 au concours d&#8217;art oratoire de la QAIS. Les \u00e9l\u00e8ves ont \u00e9crit et prononc\u00e9 des discours persuasifs inspir\u00e9s des propos de Canadiens c\u00e9l\u00e8bres. Les meilleurs orateurs de chaque classe ont \u00e9t\u00e9 s\u00e9lectionn\u00e9s pour repr\u00e9senter leur classe aux comp\u00e9titions junior et senior de WIC. Nous f\u00e9licitons tous les participants pour leur travail et leur talent impressionnant. Les laur\u00e9ats des 2 e (Annabelle R.) et 5 e (Brandon R.) ann\u00e9es secondaires ont repr\u00e9sent\u00e9 WIC au concours d\u2019art oratoire de la QAIS qui a eu lieu au Coll\u00e8ge BCS le 9 avril. <\/p>\n\n\n\n<figure class=\"wp-block-gallery has-nested-images columns-default is-cropped wp-block-gallery-1 is-layout-flex wp-block-gallery-is-layout-flex\">\n<figure class=\"wp-block-image\"><img decoding=\"async\" data-id=\"10530\" src=\"https:\/\/wicmtl.ca\/wp-content\/uploads\/2019\/04\/IMG_1854-1024x682.jpg\" alt=\"\" class=\"wp-image-10530\"\/><\/figure>\n\n\n\n<figure class=\"wp-block-image\"><img decoding=\"async\" data-id=\"10532\" src=\"https:\/\/wicmtl.ca\/wp-content\/uploads\/2019\/04\/FASANELLA_1708-1024x683.jpg\" alt=\"\" class=\"wp-image-10532\"\/><\/figure>\n\n\n\n<figure class=\"wp-block-image\"><img decoding=\"async\" data-id=\"10534\" src=\"https:\/\/wicmtl.ca\/wp-content\/uploads\/2019\/04\/sec2_1712-1024x682.jpg\" alt=\"\" class=\"wp-image-10534\"\/><\/figure>\n\n\n\n<figure class=\"wp-block-image\"><img decoding=\"async\" data-id=\"10536\" src=\"https:\/\/wicmtl.ca\/wp-content\/uploads\/2019\/04\/sec3_6905-1024x682.jpg\" alt=\"\" class=\"wp-image-10536\"\/><\/figure>\n\n\n\n<figure class=\"wp-block-image\"><img decoding=\"async\" data-id=\"10538\" src=\"https:\/\/wicmtl.ca\/wp-content\/uploads\/2019\/04\/sec57322-1024x683.jpeg\" alt=\"\" class=\"wp-image-10538\"\/><\/figure>\n\n\n\n<figure class=\"wp-block-image\"><img decoding=\"async\" data-id=\"10540\" src=\"https:\/\/wicmtl.ca\/wp-content\/uploads\/2019\/04\/jason-1-1024x675.jpg\" alt=\"\" class=\"wp-image-10540\"\/><\/figure>\n<\/figure>\n","protected":false},"excerpt":{"rendered":"<p>Au cours du mois d&#8217;avril, les \u00e9l\u00e8ves de secondaire 1, 2, 3 et 5 du Coll\u00e8ge de l\u2019Ouest de l\u2019\u00cele ont particip\u00e9 au concours d&#8217;art oratoire de la QAIS. Les \u00e9l\u00e8ves ont \u00e9crit et prononc\u00e9 des discours persuasifs inspir\u00e9s des propos de Canadiens c\u00e9l\u00e8bres. Les meilleurs orateurs de chaque classe ont \u00e9t\u00e9 s\u00e9lectionn\u00e9s pour repr\u00e9senter &#8230; <a title=\"Les \u00e9l\u00e8ves de WIC participent au concours d&#8217;art oratoire de la QAIS &#8211; avril 2019\" class=\"read-more\" href=\"https:\/\/wicmtl.ca\/fr\/2019\/04\/25\/les-eleves-de-wic-participent-au-concours-dart-oratoire-de-la-qais-avril-2019\/\" aria-label=\"En savoir plus sur Les \u00e9l\u00e8ves de WIC participent au concours d&#8217;art oratoire de la QAIS &#8211; avril 2019\">Lire plus<\/a><\/p>\n","protected":false},"author":2,"featured_media":20345,"comment_status":"open","ping_status":"open","sticky":false,"template":"","format":"standard","meta":{"_themeisle_gutenberg_block_has_review":false,"footnotes":""},"categories":[27,28,1],"tags":[],"class_list":["post-18858","post","type-post","status-publish","format-standard","has-post-thumbnail","hentry","category-inspire-fr-2","category-junior-hall-renovations-fr","category-uncategorized"],"_links":{"self":[{"href":"https:\/\/wicmtl.ca\/fr\/wp-json\/wp\/v2\/posts\/18858","targetHints":{"allow":["GET"]}}],"collection":[{"href":"https:\/\/wicmtl.ca\/fr\/wp-json\/wp\/v2\/posts"}],"about":[{"href":"https:\/\/wicmtl.ca\/fr\/wp-json\/wp\/v2\/types\/post"}],"author":[{"embeddable":true,"href":"https:\/\/wicmtl.ca\/fr\/wp-json\/wp\/v2\/users\/2"}],"replies":[{"embeddable":true,"href":"https:\/\/wicmtl.ca\/fr\/wp-json\/wp\/v2\/comments?post=18858"}],"version-history":[{"count":1,"href":"https:\/\/wicmtl.ca\/fr\/wp-json\/wp\/v2\/posts\/18858\/revisions"}],"predecessor-version":[{"id":20347,"href":"https:\/\/wicmtl.ca\/fr\/wp-json\/wp\/v2\/posts\/18858\/revisions\/20347"}],"wp:featuredmedia":[{"embeddable":true,"href":"https:\/\/wicmtl.ca\/fr\/wp-json\/wp\/v2\/media\/20345"}],"wp:attachment":[{"href":"https:\/\/wicmtl.ca\/fr\/wp-json\/wp\/v2\/media?parent=18858"}],"wp:term":[{"taxonomy":"category","embeddable":true,"href":"https:\/\/wicmtl.ca\/fr\/wp-json\/wp\/v2\/categories?post=18858"},{"taxonomy":"post_tag","embeddable":true,"href":"https:\/\/wicmtl.ca\/fr\/wp-json\/wp\/v2\/tags?post=18858"}],"curies":[{"name":"wp","href":"https:\/\/api.w.org\/{rel}","templated":true}]}}