{"id":18855,"date":"2019-04-23T19:16:02","date_gmt":"2019-04-23T19:16:02","guid":{"rendered":"https:\/\/wicmtl.ca\/2022\/07\/13\/nos-eleves-participent-a-ledition-2019-de-lexpo-science-a-luniversite-concordia-mars-2019\/"},"modified":"2022-11-01T13:35:54","modified_gmt":"2022-11-01T13:35:54","slug":"nos-eleves-participent-a-ledition-2019-de-lexpo-science-a-luniversite-concordia-mars-2019","status":"publish","type":"post","link":"https:\/\/wicmtl.ca\/fr\/2019\/04\/23\/nos-eleves-participent-a-ledition-2019-de-lexpo-science-a-luniversite-concordia-mars-2019\/","title":{"rendered":"Nos \u00e9l\u00e8ves participent \u00e0 l&#8217;\u00e9dition 2019 de l&#8217;Expo-Science \u00e0 l&#8217;Universit\u00e9 Concordia &#8211; mars 2019"},"content":{"rendered":"\n<p>L&#8217;\u00e9dition 2019 de l&#8217;Expo-Science, commandit\u00e9e par Hydro-Qu\u00e9bec, se poursuivait \u00e0 l&#8217;Universit\u00e9 Concordia au mois de mars. Les gagnants des m\u00e9dailles d&#8217;or, d&#8217;argent et de bronze du Coll\u00e8ge de l&#8217;Ouest de l&#8217;\u00cele ont fait partie des participants.&nbsp; F\u00e9licitations \u00e0 tous nos \u00e9l\u00e8ves et nous sommes \u00e9galement fiers d&#8217;annoncer qu&#8217;Axel C. et Coby B. ont remport\u00e9 un prix d&#8217;ing\u00e9nierie et la m\u00e9daille d&#8217;argent. Ils font partie des 15 projets sur 127 qui participeront \u00e0 la comp\u00e9tition Super Expo-sciences d&#8217;Hydro-Qu\u00e9bec au Coll\u00e8ge Charles-Lemoyne (campus de Longueuil &#8211; Saint-Lambert), en avril. <\/p>\n\n\n\n<figure class=\"wp-block-image aligncenter is-resized\"><img loading=\"lazy\" decoding=\"async\" src=\"https:\/\/wicmtl.ca\/wp-content\/uploads\/2019\/04\/20190326_201426_HDR.jpg\" alt=\"\" class=\"wp-image-10511\" width=\"388\" height=\"472\"\/><\/figure>\n\n\n\n<figure class=\"wp-block-image\"><img decoding=\"async\" src=\"https:\/\/wicmtl.ca\/wp-content\/uploads\/2019\/04\/20190326_195614_HDR-1024x512.jpg\" alt=\"\" class=\"wp-image-10513\"\/><\/figure>\n","protected":false},"excerpt":{"rendered":"<p>L&#8217;\u00e9dition 2019 de l&#8217;Expo-Science, commandit\u00e9e par Hydro-Qu\u00e9bec, se poursuivait \u00e0 l&#8217;Universit\u00e9 Concordia au mois de mars. Les gagnants des m\u00e9dailles d&#8217;or, d&#8217;argent et de bronze du Coll\u00e8ge de l&#8217;Ouest de l&#8217;\u00cele ont fait partie des participants.&nbsp; F\u00e9licitations \u00e0 tous nos \u00e9l\u00e8ves et nous sommes \u00e9galement fiers d&#8217;annoncer qu&#8217;Axel C. et Coby B. ont remport\u00e9 un &#8230; <a title=\"Nos \u00e9l\u00e8ves participent \u00e0 l&#8217;\u00e9dition 2019 de l&#8217;Expo-Science \u00e0 l&#8217;Universit\u00e9 Concordia &#8211; mars 2019\" class=\"read-more\" href=\"https:\/\/wicmtl.ca\/fr\/2019\/04\/23\/nos-eleves-participent-a-ledition-2019-de-lexpo-science-a-luniversite-concordia-mars-2019\/\" aria-label=\"En savoir plus sur Nos \u00e9l\u00e8ves participent \u00e0 l&#8217;\u00e9dition 2019 de l&#8217;Expo-Science \u00e0 l&#8217;Universit\u00e9 Concordia &#8211; mars 2019\">Lire plus<\/a><\/p>\n","protected":false},"author":2,"featured_media":20349,"comment_status":"open","ping_status":"open","sticky":false,"template":"","format":"standard","meta":{"_themeisle_gutenberg_block_has_review":false,"footnotes":""},"categories":[27,28,1],"tags":[],"class_list":["post-18855","post","type-post","status-publish","format-standard","has-post-thumbnail","hentry","category-inspire-fr-2","category-junior-hall-renovations-fr","category-uncategorized"],"_links":{"self":[{"href":"https:\/\/wicmtl.ca\/fr\/wp-json\/wp\/v2\/posts\/18855","targetHints":{"allow":["GET"]}}],"collection":[{"href":"https:\/\/wicmtl.ca\/fr\/wp-json\/wp\/v2\/posts"}],"about":[{"href":"https:\/\/wicmtl.ca\/fr\/wp-json\/wp\/v2\/types\/post"}],"author":[{"embeddable":true,"href":"https:\/\/wicmtl.ca\/fr\/wp-json\/wp\/v2\/users\/2"}],"replies":[{"embeddable":true,"href":"https:\/\/wicmtl.ca\/fr\/wp-json\/wp\/v2\/comments?post=18855"}],"version-history":[{"count":1,"href":"https:\/\/wicmtl.ca\/fr\/wp-json\/wp\/v2\/posts\/18855\/revisions"}],"predecessor-version":[{"id":20351,"href":"https:\/\/wicmtl.ca\/fr\/wp-json\/wp\/v2\/posts\/18855\/revisions\/20351"}],"wp:featuredmedia":[{"embeddable":true,"href":"https:\/\/wicmtl.ca\/fr\/wp-json\/wp\/v2\/media\/20349"}],"wp:attachment":[{"href":"https:\/\/wicmtl.ca\/fr\/wp-json\/wp\/v2\/media?parent=18855"}],"wp:term":[{"taxonomy":"category","embeddable":true,"href":"https:\/\/wicmtl.ca\/fr\/wp-json\/wp\/v2\/categories?post=18855"},{"taxonomy":"post_tag","embeddable":true,"href":"https:\/\/wicmtl.ca\/fr\/wp-json\/wp\/v2\/tags?post=18855"}],"curies":[{"name":"wp","href":"https:\/\/api.w.org\/{rel}","templated":true}]}}