{"id":18851,"date":"2019-03-22T15:34:00","date_gmt":"2019-03-22T15:34:00","guid":{"rendered":"https:\/\/wicmtl.ca\/2022\/07\/13\/arsenic-and-old-lace-la-piece-de-theatre-de-lecole-cette-annee-le-20-et-21-mars-2019\/"},"modified":"2022-07-13T20:10:34","modified_gmt":"2022-07-13T20:10:34","slug":"arsenic-and-old-lace-la-piece-de-theatre-de-lecole-cette-annee-le-20-et-21-mars-2019","status":"publish","type":"post","link":"https:\/\/wicmtl.ca\/fr\/2019\/03\/22\/arsenic-and-old-lace-la-piece-de-theatre-de-lecole-cette-annee-le-20-et-21-mars-2019\/","title":{"rendered":"Arsenic and Old Lace, la pi\u00e8ce de th\u00e9\u00e2tre de l\u2019\u00e9cole cette ann\u00e9e &#8211;  le 20 et 21 mars 2019."},"content":{"rendered":"\n<p>La pi\u00e8ce de\nth\u00e9\u00e2tre de l\u2019\u00e9cole cette ann\u00e9e,&nbsp;<em>Arsenic\nand Old Lace<\/em>, en plus d\u2019\u00eatre tr\u00e8s divertissante, a connu un succ\u00e8s\nretentissant. Cette com\u00e9die noire de Joseph Kesselring mettait en vedette des\ntueurs en s\u00e9rie parmi les plus gentils que vous ayez jamais rencontr\u00e9s! Les\nrepr\u00e9sentations ont eu lieu le mercredi <strong>20 mars<\/strong>&nbsp;et le jeudi <strong>21\nmars.<\/strong>&nbsp;<\/p>\n\n\n\n<p>Il s\u2019agissait des d\u00e9buts de Mme Alessia Fasanella aux commandes d\u2019une\nproduction; &nbsp;tous furent impressionn\u00e9s\npar le spectacle de haut calibre et le talent des acteurs sur la sc\u00e8ne. Tous\nsont d\u2019accord pour dire que les d\u00e9tails, \u00e0 partir des d\u00e9cors, aux costumes, aux\naccents et aux s\u00e9quences comiques, ont \u00e9t\u00e9 ex\u00e9cut\u00e9s de main de ma\u00eetre. Nous\nremercions chaleureusement Mme \u00c9lizabeth Roy, chef de l\u2019\u00e9quipe artistique, et\nM. Fequet pour la conception des d\u00e9cors. L\u2019\u00e9quipe de direction et tous les\nmembres du Coll\u00e8ge rendent hommage \u00e0 votre d\u00e9vouement, votre passion et votre\ntravail exemplaire, lesquels nous ont tous rendus tr\u00e8s fiers. &nbsp;<\/p>\n\n\n\n<p>Tous les\nprofits seront remis \u00e0 l\u2019organisme \u00ab&nbsp;Dans la rue&nbsp;\u00bb, situ\u00e9 \u00e0 Montr\u00e9al,\nqui offre un soutien aux jeunes sans-abri et en situation de vuln\u00e9rabilit\u00e9. Les\nspectateurs \u00e9taient \u00e9galement invit\u00e9s \u00e0 apporter des dons d\u2019aliments non\np\u00e9rissables et de produits de soins personnels. <\/p>\n\n\n\n<ul class=\"wp-block-gallery columns-3 is-cropped wp-block-gallery-1 is-layout-flex wp-block-gallery-is-layout-flex\"><li class=\"blocks-gallery-item\"><figure><img decoding=\"async\" src=\"https:\/\/wicmtl.ca\/wp-content\/uploads\/2019\/03\/IMG_2038-1024x682.jpg\" alt=\"\" data-id=\"10349\" data-link=\"https:\/\/wicmtl.ca\/img_2038-2\/?lang=fr\" class=\"wp-image-10349\"\/><\/figure><\/li><li class=\"blocks-gallery-item\"><figure><img decoding=\"async\" src=\"https:\/\/wicmtl.ca\/wp-content\/uploads\/2019\/03\/IMG_1908-1024x682.jpg\" alt=\"\" data-id=\"10351\" data-link=\"https:\/\/wicmtl.ca\/img_1908-2\/?lang=fr\" class=\"wp-image-10351\"\/><\/figure><\/li><li class=\"blocks-gallery-item\"><figure><img decoding=\"async\" src=\"https:\/\/wicmtl.ca\/wp-content\/uploads\/2019\/03\/IMG_1905-1024x682.jpg\" alt=\"\" data-id=\"10355\" data-link=\"https:\/\/wicmtl.ca\/img_1905-2\/?lang=fr\" class=\"wp-image-10355\"\/><\/figure><\/li><li class=\"blocks-gallery-item\"><figure><img decoding=\"async\" src=\"https:\/\/wicmtl.ca\/wp-content\/uploads\/2019\/03\/IMG_1888-1-1024x682.jpg\" alt=\"\" data-id=\"10357\" data-link=\"https:\/\/wicmtl.ca\/img_1888-2-2\/?lang=fr\" class=\"wp-image-10357\"\/><\/figure><\/li><li class=\"blocks-gallery-item\"><figure><img decoding=\"async\" src=\"https:\/\/wicmtl.ca\/wp-content\/uploads\/2019\/03\/IMG_1907-1024x682.jpg\" alt=\"\" data-id=\"10359\" data-link=\"https:\/\/wicmtl.ca\/img_1907-2\/?lang=fr\" class=\"wp-image-10359\"\/><\/figure><\/li><li class=\"blocks-gallery-item\"><figure><img decoding=\"async\" src=\"https:\/\/wicmtl.ca\/wp-content\/uploads\/2019\/03\/IMG_1914-1-1024x682.jpg\" alt=\"\" data-id=\"10363\" data-link=\"https:\/\/wicmtl.ca\/img_1914-1-2\/?lang=fr\" class=\"wp-image-10363\"\/><\/figure><\/li><li class=\"blocks-gallery-item\"><figure><img decoding=\"async\" src=\"https:\/\/wicmtl.ca\/wp-content\/uploads\/2019\/03\/IMG_1889-1024x682.jpg\" alt=\"\" data-id=\"10367\" data-link=\"https:\/\/wicmtl.ca\/img_1889-2\/?lang=fr\" class=\"wp-image-10367\"\/><\/figure><\/li><li class=\"blocks-gallery-item\"><figure><img decoding=\"async\" src=\"https:\/\/wicmtl.ca\/wp-content\/uploads\/2019\/03\/IMG_1930-1024x682.jpg\" alt=\"\" data-id=\"10369\" data-link=\"https:\/\/wicmtl.ca\/img_1930-2\/?lang=fr\" class=\"wp-image-10369\"\/><\/figure><\/li><li class=\"blocks-gallery-item\"><figure><img decoding=\"async\" src=\"https:\/\/wicmtl.ca\/wp-content\/uploads\/2019\/03\/IMG_1935-1024x682.jpg\" alt=\"\" data-id=\"10371\" data-link=\"https:\/\/wicmtl.ca\/img_1935-2\/?lang=fr\" class=\"wp-image-10371\"\/><\/figure><\/li><li class=\"blocks-gallery-item\"><figure><img decoding=\"async\" src=\"https:\/\/wicmtl.ca\/wp-content\/uploads\/2019\/03\/IMG_1948-1024x682.jpg\" alt=\"\" data-id=\"10361\" data-link=\"https:\/\/wicmtl.ca\/img_1948-2\/?lang=fr\" class=\"wp-image-10361\"\/><\/figure><\/li><\/ul>\n","protected":false},"excerpt":{"rendered":"<p>La pi\u00e8ce de th\u00e9\u00e2tre de l\u2019\u00e9cole cette ann\u00e9e,&nbsp;Arsenic and Old Lace, en plus d\u2019\u00eatre tr\u00e8s divertissante, a connu un succ\u00e8s retentissant. Cette com\u00e9die noire de Joseph Kesselring mettait en vedette des tueurs en s\u00e9rie parmi les plus gentils que vous ayez jamais rencontr\u00e9s! Les repr\u00e9sentations ont eu lieu le mercredi 20 mars&nbsp;et le jeudi 21 &#8230; <a title=\"Arsenic and Old Lace, la pi\u00e8ce de th\u00e9\u00e2tre de l\u2019\u00e9cole cette ann\u00e9e &#8211;  le 20 et 21 mars 2019.\" class=\"read-more\" href=\"https:\/\/wicmtl.ca\/fr\/2019\/03\/22\/arsenic-and-old-lace-la-piece-de-theatre-de-lecole-cette-annee-le-20-et-21-mars-2019\/\" aria-label=\"En savoir plus sur Arsenic and Old Lace, la pi\u00e8ce de th\u00e9\u00e2tre de l\u2019\u00e9cole cette ann\u00e9e &#8211;  le 20 et 21 mars 2019.\">Lire plus<\/a><\/p>\n","protected":false},"author":2,"featured_media":18852,"comment_status":"open","ping_status":"open","sticky":false,"template":"","format":"standard","meta":{"_themeisle_gutenberg_block_has_review":false,"footnotes":""},"categories":[27,28,1],"tags":[],"class_list":["post-18851","post","type-post","status-publish","format-standard","has-post-thumbnail","hentry","category-inspire-fr-2","category-junior-hall-renovations-fr","category-uncategorized"],"_links":{"self":[{"href":"https:\/\/wicmtl.ca\/fr\/wp-json\/wp\/v2\/posts\/18851","targetHints":{"allow":["GET"]}}],"collection":[{"href":"https:\/\/wicmtl.ca\/fr\/wp-json\/wp\/v2\/posts"}],"about":[{"href":"https:\/\/wicmtl.ca\/fr\/wp-json\/wp\/v2\/types\/post"}],"author":[{"embeddable":true,"href":"https:\/\/wicmtl.ca\/fr\/wp-json\/wp\/v2\/users\/2"}],"replies":[{"embeddable":true,"href":"https:\/\/wicmtl.ca\/fr\/wp-json\/wp\/v2\/comments?post=18851"}],"version-history":[{"count":0,"href":"https:\/\/wicmtl.ca\/fr\/wp-json\/wp\/v2\/posts\/18851\/revisions"}],"wp:featuredmedia":[{"embeddable":true,"href":"https:\/\/wicmtl.ca\/fr\/wp-json\/wp\/v2\/media\/18852"}],"wp:attachment":[{"href":"https:\/\/wicmtl.ca\/fr\/wp-json\/wp\/v2\/media?parent=18851"}],"wp:term":[{"taxonomy":"category","embeddable":true,"href":"https:\/\/wicmtl.ca\/fr\/wp-json\/wp\/v2\/categories?post=18851"},{"taxonomy":"post_tag","embeddable":true,"href":"https:\/\/wicmtl.ca\/fr\/wp-json\/wp\/v2\/tags?post=18851"}],"curies":[{"name":"wp","href":"https:\/\/api.w.org\/{rel}","templated":true}]}}