{"id":18831,"date":"2019-02-08T16:01:22","date_gmt":"2022-07-13T20:10:27","guid":{"rendered":"https:\/\/wicmtl.ca\/2022\/07\/13\/projet-cendrillon\/"},"modified":"2022-11-01T13:56:28","modified_gmt":"2022-11-01T13:56:28","slug":"projet-cendrillon","status":"publish","type":"post","link":"https:\/\/wicmtl.ca\/fr\/2019\/02\/08\/projet-cendrillon\/","title":{"rendered":"Projet Cendrillon"},"content":{"rendered":"\n<p>Les F\u00e9es Marraines, \u00e0 Montr\u00e9al, est un organisme de bienfaisance qui fournit gratuitement une tenue compl\u00e8te de bal \u00e0 400 filles qui ne pourraient autrement se permettre d&#8217;aller \u00e0 leur bal.&nbsp;<\/p>\n\n\n\n<p>La semaine derni\u00e8re, un groupe de plus de 40 parents, \u00e9l\u00e8ves, anciennes&nbsp;\u00e9l\u00e8ves&nbsp;et personnel b\u00e9n\u00e9vole se sont rassembl\u00e9s pour aider \u00e0 l&#8217;organisation du&nbsp;projet&nbsp;Cendrillon&nbsp;du Coll\u00e8ge de l&#8217;Ouest de l&#8217;\u00cele. <\/p>\n\n\n\n<p>Nous sommes fiers de vous dire que plus de 260 robes de bal et 60 paires de souliers (sans oublier des douzaines de sacs \u00e0 mains et des bo\u00eetes de bijoux et maquillage) ont \u00e9t\u00e9 donn\u00e9es pour aider cette cause.<\/p>\n\n\n\n<p>Merci \u00e0 tous pour votre soutien. C&#8217;\u00e9tait une tr\u00e8s belle exp\u00e9rience. Voici quelques photos de cette&nbsp;journ\u00e9e.<\/p>\n\n\n\n<figure class=\"wp-block-gallery has-nested-images columns-default is-cropped wp-block-gallery-1 is-layout-flex wp-block-gallery-is-layout-flex\">\n<figure class=\"wp-block-image\"><img decoding=\"async\" data-id=\"10010\" src=\"https:\/\/wicmtl.ca\/wp-content\/uploads\/2019\/02\/Shoes.jpg\" alt=\"\" class=\"wp-image-10010\"\/><\/figure>\n\n\n\n<figure class=\"wp-block-image\"><img decoding=\"async\" data-id=\"10000\" src=\"https:\/\/wicmtl.ca\/wp-content\/uploads\/2019\/02\/Accessories.jpg\" alt=\"\" class=\"wp-image-10000\"\/><\/figure>\n\n\n\n<figure class=\"wp-block-image\"><img decoding=\"async\" data-id=\"10008\" src=\"https:\/\/wicmtl.ca\/wp-content\/uploads\/2019\/02\/High-Res-logo_feesmarraines.jpg\" alt=\"\" class=\"wp-image-10008\"\/><\/figure>\n\n\n\n<figure class=\"wp-block-image\"><img decoding=\"async\" data-id=\"9998\" src=\"https:\/\/wicmtl.ca\/wp-content\/uploads\/2019\/02\/dresses-1.png\" alt=\"\" class=\"wp-image-9998\"\/><\/figure>\n\n\n\n<figure class=\"wp-block-image\"><img decoding=\"async\" data-id=\"10012\" src=\"https:\/\/wicmtl.ca\/wp-content\/uploads\/2019\/02\/Group-Volunteers-.jpg\" alt=\"\" class=\"wp-image-10012\"\/><\/figure>\n<\/figure>\n\n\n\n<p>Un gros merci \u00e0 tous nos b\u00e9n\u00e9voles et aux partenaires corporatifs:<\/p>\n\n\n\n<figure class=\"wp-block-image\"><img decoding=\"async\" src=\"https:\/\/wicmtl.ca\/wp-content\/uploads\/2019\/02\/LOGOSCinderella-Project-Partners-1.jpg\" alt=\"\" class=\"wp-image-9882\"\/><\/figure>\n","protected":false},"excerpt":{"rendered":"<p>Les F\u00e9es Marraines, \u00e0 Montr\u00e9al, est un organisme de bienfaisance qui fournit gratuitement une tenue compl\u00e8te de bal \u00e0 400 filles qui ne pourraient autrement se permettre d&#8217;aller \u00e0 leur bal.&nbsp; La semaine derni\u00e8re, un groupe de plus de 40 parents, \u00e9l\u00e8ves, anciennes&nbsp;\u00e9l\u00e8ves&nbsp;et personnel b\u00e9n\u00e9vole se sont rassembl\u00e9s pour aider \u00e0 l&#8217;organisation du&nbsp;projet&nbsp;Cendrillon&nbsp;du Coll\u00e8ge de &#8230; <a title=\"Projet Cendrillon\" class=\"read-more\" href=\"https:\/\/wicmtl.ca\/fr\/2019\/02\/08\/projet-cendrillon\/\" aria-label=\"En savoir plus sur Projet Cendrillon\">Lire plus<\/a><\/p>\n","protected":false},"author":2,"featured_media":18832,"comment_status":"open","ping_status":"open","sticky":false,"template":"","format":"standard","meta":{"_themeisle_gutenberg_block_has_review":false,"footnotes":""},"categories":[1],"tags":[],"class_list":["post-18831","post","type-post","status-publish","format-standard","has-post-thumbnail","hentry","category-uncategorized"],"_links":{"self":[{"href":"https:\/\/wicmtl.ca\/fr\/wp-json\/wp\/v2\/posts\/18831","targetHints":{"allow":["GET"]}}],"collection":[{"href":"https:\/\/wicmtl.ca\/fr\/wp-json\/wp\/v2\/posts"}],"about":[{"href":"https:\/\/wicmtl.ca\/fr\/wp-json\/wp\/v2\/types\/post"}],"author":[{"embeddable":true,"href":"https:\/\/wicmtl.ca\/fr\/wp-json\/wp\/v2\/users\/2"}],"replies":[{"embeddable":true,"href":"https:\/\/wicmtl.ca\/fr\/wp-json\/wp\/v2\/comments?post=18831"}],"version-history":[{"count":1,"href":"https:\/\/wicmtl.ca\/fr\/wp-json\/wp\/v2\/posts\/18831\/revisions"}],"predecessor-version":[{"id":20372,"href":"https:\/\/wicmtl.ca\/fr\/wp-json\/wp\/v2\/posts\/18831\/revisions\/20372"}],"wp:featuredmedia":[{"embeddable":true,"href":"https:\/\/wicmtl.ca\/fr\/wp-json\/wp\/v2\/media\/18832"}],"wp:attachment":[{"href":"https:\/\/wicmtl.ca\/fr\/wp-json\/wp\/v2\/media?parent=18831"}],"wp:term":[{"taxonomy":"category","embeddable":true,"href":"https:\/\/wicmtl.ca\/fr\/wp-json\/wp\/v2\/categories?post=18831"},{"taxonomy":"post_tag","embeddable":true,"href":"https:\/\/wicmtl.ca\/fr\/wp-json\/wp\/v2\/tags?post=18831"}],"curies":[{"name":"wp","href":"https:\/\/api.w.org\/{rel}","templated":true}]}}