{"id":18828,"date":"2019-01-11T18:52:58","date_gmt":"2022-07-13T20:10:26","guid":{"rendered":"https:\/\/wicmtl.ca\/2022\/07\/13\/le-concert-annuel-de-musique-etait-un-vrai-regal-pour-les-oreilles-le-18-decembre-2018\/"},"modified":"2022-07-13T20:10:26","modified_gmt":"2022-07-13T20:10:26","slug":"le-concert-annuel-de-musique-etait-un-vrai-regal-pour-les-oreilles-le-18-decembre-2018","status":"publish","type":"post","link":"https:\/\/wicmtl.ca\/fr\/2019\/01\/11\/le-concert-annuel-de-musique-etait-un-vrai-regal-pour-les-oreilles-le-18-decembre-2018\/","title":{"rendered":"Le concert annuel de musique \u00e9tait un vrai r\u00e9gal pour les oreilles le 18 d\u00e9cembre 2018"},"content":{"rendered":"\n<p>Notre directeur, M. Lafrance, a mis son habit de soir\u00e9e et a embellis quelques chansons de son triangle lors du concert annuel de musique! Le concert d&#8217;hiver donn\u00e9 le mardi 18 d\u00e9cembre fut un franc succ\u00e8s! Le programme compos\u00e9 de pi\u00e8ces originales, d&#8217;airs populaires, de musique de jazz, de films et du temps des F\u00eates a su charmer le public et faire la joie des musiciens. Les \u00e9l\u00e8ves de la premi\u00e8re \u00e0 la troisi\u00e8me secondaire ainsi que ceux faisant partie du WIC band, l&#8217;activit\u00e9 parascolaire, ont travaill\u00e9 d&#8217;arrache-pied pour pr\u00e9senter cette soir\u00e9e musicale bien remplie. \u00c0 en entendre la r\u00e9ponse du public, ils ont \u00e9t\u00e9 bien r\u00e9compens\u00e9s ! Bravo Mme Ruffiange et merci \u00e0 tous pour un si beau concert !<\/p>\n","protected":false},"excerpt":{"rendered":"<p>Notre directeur, M. Lafrance, a mis son habit de soir\u00e9e et a embellis quelques chansons de son triangle lors du concert annuel de musique! Le concert d&#8217;hiver donn\u00e9 le mardi 18 d\u00e9cembre fut un franc succ\u00e8s! Le programme compos\u00e9 de pi\u00e8ces originales, d&#8217;airs populaires, de musique de jazz, de films et du temps des F\u00eates &#8230; <a title=\"Le concert annuel de musique \u00e9tait un vrai r\u00e9gal pour les oreilles le 18 d\u00e9cembre 2018\" class=\"read-more\" href=\"https:\/\/wicmtl.ca\/fr\/2019\/01\/11\/le-concert-annuel-de-musique-etait-un-vrai-regal-pour-les-oreilles-le-18-decembre-2018\/\" aria-label=\"En savoir plus sur Le concert annuel de musique \u00e9tait un vrai r\u00e9gal pour les oreilles le 18 d\u00e9cembre 2018\">Lire plus<\/a><\/p>\n","protected":false},"author":2,"featured_media":18826,"comment_status":"open","ping_status":"open","sticky":false,"template":"","format":"standard","meta":{"_themeisle_gutenberg_block_has_review":false,"footnotes":""},"categories":[1],"tags":[],"class_list":["post-18828","post","type-post","status-publish","format-standard","has-post-thumbnail","hentry","category-uncategorized"],"_links":{"self":[{"href":"https:\/\/wicmtl.ca\/fr\/wp-json\/wp\/v2\/posts\/18828","targetHints":{"allow":["GET"]}}],"collection":[{"href":"https:\/\/wicmtl.ca\/fr\/wp-json\/wp\/v2\/posts"}],"about":[{"href":"https:\/\/wicmtl.ca\/fr\/wp-json\/wp\/v2\/types\/post"}],"author":[{"embeddable":true,"href":"https:\/\/wicmtl.ca\/fr\/wp-json\/wp\/v2\/users\/2"}],"replies":[{"embeddable":true,"href":"https:\/\/wicmtl.ca\/fr\/wp-json\/wp\/v2\/comments?post=18828"}],"version-history":[{"count":0,"href":"https:\/\/wicmtl.ca\/fr\/wp-json\/wp\/v2\/posts\/18828\/revisions"}],"wp:featuredmedia":[{"embeddable":true,"href":"https:\/\/wicmtl.ca\/fr\/wp-json\/wp\/v2\/media\/18826"}],"wp:attachment":[{"href":"https:\/\/wicmtl.ca\/fr\/wp-json\/wp\/v2\/media?parent=18828"}],"wp:term":[{"taxonomy":"category","embeddable":true,"href":"https:\/\/wicmtl.ca\/fr\/wp-json\/wp\/v2\/categories?post=18828"},{"taxonomy":"post_tag","embeddable":true,"href":"https:\/\/wicmtl.ca\/fr\/wp-json\/wp\/v2\/tags?post=18828"}],"curies":[{"name":"wp","href":"https:\/\/api.w.org\/{rel}","templated":true}]}}