{"id":18820,"date":"2019-01-10T21:33:48","date_gmt":"2022-07-13T20:10:25","guid":{"rendered":"https:\/\/wicmtl.ca\/2022\/07\/13\/les-eleves-de-secondaire-5-ont-viste-cbc-radio-canada-le-12-decembre-2018\/"},"modified":"2022-07-13T20:10:25","modified_gmt":"2022-07-13T20:10:25","slug":"les-eleves-de-secondaire-5-ont-viste-cbc-radio-canada-le-12-decembre-2018","status":"publish","type":"post","link":"https:\/\/wicmtl.ca\/fr\/2019\/01\/10\/les-eleves-de-secondaire-5-ont-viste-cbc-radio-canada-le-12-decembre-2018\/","title":{"rendered":"Les \u00e9l\u00e8ves de secondaire 5 ont vist\u00e9 CBC Radio Canada le 12 d\u00e9cembre 2018"},"content":{"rendered":"\n<p>Le 12 d\u00e9cembre, dans le cadre de leur cours J&#8217;aime Montr\u00e9al et Culture Qu\u00e9becoise, nos \u00e9l\u00e8ves de secondaire 5 ont d\u00e9couvert pourquoi la radio continue d&#8217;\u00eatre un m\u00e9dia attrayant et pertinent \u00e0 CBC Radio Canada! C&#8217;\u00e9tait une belle exp\u00e9rience pour tous et une belle opportunit\u00e9 d&#8217;apprendre en dehors de la salle de classe!<\/p>\n","protected":false},"excerpt":{"rendered":"<p>Le 12 d\u00e9cembre, dans le cadre de leur cours J&#8217;aime Montr\u00e9al et Culture Qu\u00e9becoise, nos \u00e9l\u00e8ves de secondaire 5 ont d\u00e9couvert pourquoi la radio continue d&#8217;\u00eatre un m\u00e9dia attrayant et pertinent \u00e0 CBC Radio Canada! C&#8217;\u00e9tait une belle exp\u00e9rience pour tous et une belle opportunit\u00e9 d&#8217;apprendre en dehors de la salle de classe!<\/p>\n","protected":false},"author":2,"featured_media":18818,"comment_status":"open","ping_status":"open","sticky":false,"template":"","format":"standard","meta":{"_themeisle_gutenberg_block_has_review":false,"footnotes":""},"categories":[1],"tags":[],"class_list":["post-18820","post","type-post","status-publish","format-standard","has-post-thumbnail","hentry","category-uncategorized"],"_links":{"self":[{"href":"https:\/\/wicmtl.ca\/fr\/wp-json\/wp\/v2\/posts\/18820","targetHints":{"allow":["GET"]}}],"collection":[{"href":"https:\/\/wicmtl.ca\/fr\/wp-json\/wp\/v2\/posts"}],"about":[{"href":"https:\/\/wicmtl.ca\/fr\/wp-json\/wp\/v2\/types\/post"}],"author":[{"embeddable":true,"href":"https:\/\/wicmtl.ca\/fr\/wp-json\/wp\/v2\/users\/2"}],"replies":[{"embeddable":true,"href":"https:\/\/wicmtl.ca\/fr\/wp-json\/wp\/v2\/comments?post=18820"}],"version-history":[{"count":0,"href":"https:\/\/wicmtl.ca\/fr\/wp-json\/wp\/v2\/posts\/18820\/revisions"}],"wp:featuredmedia":[{"embeddable":true,"href":"https:\/\/wicmtl.ca\/fr\/wp-json\/wp\/v2\/media\/18818"}],"wp:attachment":[{"href":"https:\/\/wicmtl.ca\/fr\/wp-json\/wp\/v2\/media?parent=18820"}],"wp:term":[{"taxonomy":"category","embeddable":true,"href":"https:\/\/wicmtl.ca\/fr\/wp-json\/wp\/v2\/categories?post=18820"},{"taxonomy":"post_tag","embeddable":true,"href":"https:\/\/wicmtl.ca\/fr\/wp-json\/wp\/v2\/tags?post=18820"}],"curies":[{"name":"wp","href":"https:\/\/api.w.org\/{rel}","templated":true}]}}