{"id":18811,"date":"2018-11-09T20:32:20","date_gmt":"2018-11-09T20:32:20","guid":{"rendered":"https:\/\/wicmtl.ca\/2022\/07\/13\/a-loccasion-du-jour-du-souvenir-tous-les-membres-et-eleves-de-lecole-ont-ecoute-le-recit-du-capitaine-fitz-gerald-le-9-novembre-2018\/"},"modified":"2022-11-01T14:03:47","modified_gmt":"2022-11-01T14:03:47","slug":"a-loccasion-du-jour-du-souvenir-tous-les-membres-et-eleves-de-lecole-ont-ecoute-le-recit-du-capitaine-fitz-gerald-le-9-novembre-2018","status":"publish","type":"post","link":"https:\/\/wicmtl.ca\/fr\/2018\/11\/09\/a-loccasion-du-jour-du-souvenir-tous-les-membres-et-eleves-de-lecole-ont-ecoute-le-recit-du-capitaine-fitz-gerald-le-9-novembre-2018\/","title":{"rendered":"\u00c0 l&#8217;occasion du jour du Souvenir tous les membres et \u00e9l\u00e8ves de l\u2019\u00e9cole ont \u00e9cout\u00e9 le r\u00e9cit du Capitaine Fitz-Gerald le 9 novembre 2018"},"content":{"rendered":"<p>Durant l\u2019assembl\u00e9e de l\u2019\u00e9cole le 9 novembre, les \u00e9l\u00e8ves du Coll\u00e8ge de l\u2019Ouest de l\u2019\u00cele ont \u00e9cout\u00e9 le r\u00e9cit du Capitaine Fitz-Gerald, le mari de Mme Vien, qui s\u2019est joint aux Forces arm\u00e9es canadiennes \u00e0 l\u2019\u00e2ge de 18 ans. M\u00e9canicien d\u2019h\u00e9licopt\u00e8res de m\u00e9tier, il compte plus de 33 ann\u00e9es de service. Il a \u00e9t\u00e9 d\u00e9ploy\u00e9 en \u00c9gypte (une mission multinationale) et en Bosnie (mission des Nations Unies) \u00e0 titre de soldat de maintien de la paix et en Afghanistan (FIAS&nbsp;: Force internationale d\u2019assistance \u00e0 la s\u00e9curit\u00e9) \u00e0 titre de combattant actif en zone de guerre. Il mise actuellement sur sa vaste exp\u00e9rience pour r\u00e9organiser le m\u00e9tier de technicien d\u2019a\u00e9ronefs pour l\u2019Aviation royale canadienne. Apr\u00e8s sa pr\u00e9sentation inspirante \u00e0 tous les membres et \u00e9l\u00e8ves de l\u2019\u00e9cole, Mme Rufiange a sugg\u00e9r\u00e9 un moment de silence avec La Derni\u00e8re sonnerie et le R\u00e9veil en hommage \u00e0 tous les h\u00e9ros pour le jour du Souvenir.<\/p>\n<p>#LeCanadaseSouvient<\/p>\n<p><a href=\"https:\/\/wicmtl.ca\/wp-content\/uploads\/2018\/11\/IMG_0921.jpg\"><img loading=\"lazy\" decoding=\"async\" class=\"alignnone size-medium wp-image-9012\" src=\"https:\/\/wicmtl.ca\/wp-content\/uploads\/2018\/11\/IMG_0921-142x300.jpg\" alt=\"\" width=\"142\" height=\"300\"><\/a><\/p>\n<p><a href=\"https:\/\/wicmtl.ca\/wp-content\/uploads\/2018\/11\/IMG_2141.jpg\"><img loading=\"lazy\" decoding=\"async\" class=\"alignnone size-medium wp-image-9026\" src=\"https:\/\/wicmtl.ca\/wp-content\/uploads\/2018\/11\/IMG_2141-300x225.jpg\" alt=\"\" width=\"300\" height=\"225\"><\/a><\/p>\n<p><a href=\"https:\/\/wicmtl.ca\/wp-content\/uploads\/2018\/11\/IMG_2151-1.jpg\"><img loading=\"lazy\" decoding=\"async\" class=\"alignnone size-medium wp-image-9020\" src=\"https:\/\/wicmtl.ca\/wp-content\/uploads\/2018\/11\/IMG_2151-1-300x225.jpg\" alt=\"\" width=\"300\" height=\"225\"><\/a><\/p>\n<p><a href=\"https:\/\/wicmtl.ca\/wp-content\/uploads\/2018\/11\/IMG_2147.jpg\"><img loading=\"lazy\" decoding=\"async\" class=\"alignnone size-medium wp-image-9022\" src=\"https:\/\/wicmtl.ca\/wp-content\/uploads\/2018\/11\/IMG_2147-300x225.jpg\" alt=\"\" width=\"300\" height=\"225\"><\/a><\/p>\n<p><a href=\"https:\/\/wicmtl.ca\/wp-content\/uploads\/2018\/11\/IMG_2148.jpg\"><img loading=\"lazy\" decoding=\"async\" class=\"alignnone size-medium wp-image-9028\" src=\"https:\/\/wicmtl.ca\/wp-content\/uploads\/2018\/11\/IMG_2148-300x225.jpg\" alt=\"\" width=\"300\" height=\"225\"><\/a><\/p>\n<p><a href=\"https:\/\/wicmtl.ca\/wp-content\/uploads\/2018\/11\/IMG_0939.jpg\"><img loading=\"lazy\" decoding=\"async\" class=\"alignnone size-medium wp-image-9024\" src=\"https:\/\/wicmtl.ca\/wp-content\/uploads\/2018\/11\/IMG_0939-226x300.jpg\" alt=\"\" width=\"226\" height=\"300\"><\/a><\/p>\n","protected":false},"excerpt":{"rendered":"<p>Durant l\u2019assembl\u00e9e de l\u2019\u00e9cole le 9 novembre, les \u00e9l\u00e8ves du Coll\u00e8ge de l\u2019Ouest de l\u2019\u00cele ont \u00e9cout\u00e9 le r\u00e9cit du Capitaine Fitz-Gerald, le mari de Mme Vien, qui s\u2019est joint aux Forces arm\u00e9es canadiennes \u00e0 l\u2019\u00e2ge de 18 ans. M\u00e9canicien d\u2019h\u00e9licopt\u00e8res de m\u00e9tier, il compte plus de 33 ann\u00e9es de service. Il a \u00e9t\u00e9 d\u00e9ploy\u00e9 &#8230; <a title=\"\u00c0 l&#8217;occasion du jour du Souvenir tous les membres et \u00e9l\u00e8ves de l\u2019\u00e9cole ont \u00e9cout\u00e9 le r\u00e9cit du Capitaine Fitz-Gerald le 9 novembre 2018\" class=\"read-more\" href=\"https:\/\/wicmtl.ca\/fr\/2018\/11\/09\/a-loccasion-du-jour-du-souvenir-tous-les-membres-et-eleves-de-lecole-ont-ecoute-le-recit-du-capitaine-fitz-gerald-le-9-novembre-2018\/\" aria-label=\"En savoir plus sur \u00c0 l&#8217;occasion du jour du Souvenir tous les membres et \u00e9l\u00e8ves de l\u2019\u00e9cole ont \u00e9cout\u00e9 le r\u00e9cit du Capitaine Fitz-Gerald le 9 novembre 2018\">Lire plus<\/a><\/p>\n","protected":false},"author":2,"featured_media":20383,"comment_status":"open","ping_status":"open","sticky":false,"template":"","format":"standard","meta":{"_themeisle_gutenberg_block_has_review":false,"footnotes":""},"categories":[27,28,1],"tags":[],"class_list":["post-18811","post","type-post","status-publish","format-standard","has-post-thumbnail","hentry","category-inspire-fr-2","category-junior-hall-renovations-fr","category-uncategorized"],"_links":{"self":[{"href":"https:\/\/wicmtl.ca\/fr\/wp-json\/wp\/v2\/posts\/18811","targetHints":{"allow":["GET"]}}],"collection":[{"href":"https:\/\/wicmtl.ca\/fr\/wp-json\/wp\/v2\/posts"}],"about":[{"href":"https:\/\/wicmtl.ca\/fr\/wp-json\/wp\/v2\/types\/post"}],"author":[{"embeddable":true,"href":"https:\/\/wicmtl.ca\/fr\/wp-json\/wp\/v2\/users\/2"}],"replies":[{"embeddable":true,"href":"https:\/\/wicmtl.ca\/fr\/wp-json\/wp\/v2\/comments?post=18811"}],"version-history":[{"count":1,"href":"https:\/\/wicmtl.ca\/fr\/wp-json\/wp\/v2\/posts\/18811\/revisions"}],"predecessor-version":[{"id":20385,"href":"https:\/\/wicmtl.ca\/fr\/wp-json\/wp\/v2\/posts\/18811\/revisions\/20385"}],"wp:featuredmedia":[{"embeddable":true,"href":"https:\/\/wicmtl.ca\/fr\/wp-json\/wp\/v2\/media\/20383"}],"wp:attachment":[{"href":"https:\/\/wicmtl.ca\/fr\/wp-json\/wp\/v2\/media?parent=18811"}],"wp:term":[{"taxonomy":"category","embeddable":true,"href":"https:\/\/wicmtl.ca\/fr\/wp-json\/wp\/v2\/categories?post=18811"},{"taxonomy":"post_tag","embeddable":true,"href":"https:\/\/wicmtl.ca\/fr\/wp-json\/wp\/v2\/tags?post=18811"}],"curies":[{"name":"wp","href":"https:\/\/api.w.org\/{rel}","templated":true}]}}