{"id":18751,"date":"2017-11-03T14:25:42","date_gmt":"2022-07-13T20:09:54","guid":{"rendered":"https:\/\/wicmtl.ca\/2022\/07\/13\/journee-annuelle-des-grands-parents-ou-des-proches-le-2-novembre-2017\/"},"modified":"2022-07-13T20:09:54","modified_gmt":"2022-07-13T20:09:54","slug":"journee-annuelle-des-grands-parents-ou-des-proches-le-2-novembre-2017","status":"publish","type":"post","link":"https:\/\/wicmtl.ca\/fr\/2017\/11\/03\/journee-annuelle-des-grands-parents-ou-des-proches-le-2-novembre-2017\/","title":{"rendered":"Journ\u00e9e annuelle des grands-parents ou des proches le 2 novembre 2017"},"content":{"rendered":"<p>Le Coll\u00e8ge a tenu sa Journ\u00e9e annuelle des grands-parents (ou des proches) pour les \u00e9l\u00e8ves de 1<sup>re<\/sup> secondaire. Ils rayonnaient tous de fiert\u00e9 et ont pass\u00e9 d\u2019agr\u00e9ables moments ensemble. Des rafra\u00eechissements ont \u00e9t\u00e9 servis, des photos de famille ont \u00e9t\u00e9 prises et des visites ont \u00e9t\u00e9 effectu\u00e9es par les \u00e9l\u00e8ves. Un moment sp\u00e9cial et m\u00e9morable pour tous.<\/p>\n","protected":false},"excerpt":{"rendered":"<p>Le Coll\u00e8ge a tenu sa Journ\u00e9e annuelle des grands-parents (ou des proches) pour les \u00e9l\u00e8ves de 1re secondaire. Ils rayonnaient tous de fiert\u00e9 et ont pass\u00e9 d\u2019agr\u00e9ables moments ensemble. Des rafra\u00eechissements ont \u00e9t\u00e9 servis, des photos de famille ont \u00e9t\u00e9 prises et des visites ont \u00e9t\u00e9 effectu\u00e9es par les \u00e9l\u00e8ves. Un moment sp\u00e9cial et m\u00e9morable &#8230; <a title=\"Journ\u00e9e annuelle des grands-parents ou des proches le 2 novembre 2017\" class=\"read-more\" href=\"https:\/\/wicmtl.ca\/fr\/2017\/11\/03\/journee-annuelle-des-grands-parents-ou-des-proches-le-2-novembre-2017\/\" aria-label=\"En savoir plus sur Journ\u00e9e annuelle des grands-parents ou des proches le 2 novembre 2017\">Lire plus<\/a><\/p>\n","protected":false},"author":2,"featured_media":18749,"comment_status":"open","ping_status":"open","sticky":false,"template":"","format":"standard","meta":{"_themeisle_gutenberg_block_has_review":false,"footnotes":""},"categories":[1],"tags":[],"class_list":["post-18751","post","type-post","status-publish","format-standard","has-post-thumbnail","hentry","category-uncategorized"],"_links":{"self":[{"href":"https:\/\/wicmtl.ca\/fr\/wp-json\/wp\/v2\/posts\/18751","targetHints":{"allow":["GET"]}}],"collection":[{"href":"https:\/\/wicmtl.ca\/fr\/wp-json\/wp\/v2\/posts"}],"about":[{"href":"https:\/\/wicmtl.ca\/fr\/wp-json\/wp\/v2\/types\/post"}],"author":[{"embeddable":true,"href":"https:\/\/wicmtl.ca\/fr\/wp-json\/wp\/v2\/users\/2"}],"replies":[{"embeddable":true,"href":"https:\/\/wicmtl.ca\/fr\/wp-json\/wp\/v2\/comments?post=18751"}],"version-history":[{"count":0,"href":"https:\/\/wicmtl.ca\/fr\/wp-json\/wp\/v2\/posts\/18751\/revisions"}],"wp:featuredmedia":[{"embeddable":true,"href":"https:\/\/wicmtl.ca\/fr\/wp-json\/wp\/v2\/media\/18749"}],"wp:attachment":[{"href":"https:\/\/wicmtl.ca\/fr\/wp-json\/wp\/v2\/media?parent=18751"}],"wp:term":[{"taxonomy":"category","embeddable":true,"href":"https:\/\/wicmtl.ca\/fr\/wp-json\/wp\/v2\/categories?post=18751"},{"taxonomy":"post_tag","embeddable":true,"href":"https:\/\/wicmtl.ca\/fr\/wp-json\/wp\/v2\/tags?post=18751"}],"curies":[{"name":"wp","href":"https:\/\/api.w.org\/{rel}","templated":true}]}}