{"id":18742,"date":"2017-10-18T13:51:28","date_gmt":"2017-10-18T13:51:28","guid":{"rendered":"https:\/\/wicmtl.ca\/2022\/07\/13\/dejeuner-avec-le-directeur-general-le-13-octobre-2017\/"},"modified":"2022-11-01T15:03:38","modified_gmt":"2022-11-01T15:03:38","slug":"dejeuner-avec-le-directeur-general-le-13-octobre-2017","status":"publish","type":"post","link":"https:\/\/wicmtl.ca\/fr\/2017\/10\/18\/dejeuner-avec-le-directeur-general-le-13-octobre-2017\/","title":{"rendered":"D\u00e9jeuner avec le directeur g\u00e9n\u00e9ral le 13 octobre 2017"},"content":{"rendered":"<p>Les parents des \u00e9l\u00e8ves de 1re secondaire ont pris le D\u00e9jeuner avec le directeur g\u00e9n\u00e9ral&nbsp; le vendredi 13 octobre 2017 dans le Studio. Le sujet principal de la matin\u00e9e fut la fa\u00e7on dont l\u2019approche innovatrice du Coll\u00e8ge en mati\u00e8re d\u2019apprentissage aura un impact positif sur les \u00e9l\u00e8ves et sur les parents. M. Lafrance, Mme Simard et Mme Meldrum ont fait part de leurs commentaires professionnels sur la fa\u00e7on de perfectionner les comp\u00e9tences des \u00e9l\u00e8ves dans les domaines de l\u2019organisation, des \u00e9tudes, de l\u2019\u00e9thique de travail \u00e9quilibr\u00e9, des apprentissages au 21e si\u00e8cle et du bien-\u00eatre g\u00e9n\u00e9ral durant leurs \u00e9tudes secondaires au Coll\u00e8ge de l\u2019Ouest de l\u2019\u00cele.<\/p>\n","protected":false},"excerpt":{"rendered":"<p>Les parents des \u00e9l\u00e8ves de 1re secondaire ont pris le D\u00e9jeuner avec le directeur g\u00e9n\u00e9ral&nbsp; le vendredi 13 octobre 2017 dans le Studio. Le sujet principal de la matin\u00e9e fut la fa\u00e7on dont l\u2019approche innovatrice du Coll\u00e8ge en mati\u00e8re d\u2019apprentissage aura un impact positif sur les \u00e9l\u00e8ves et sur les parents. M. Lafrance, Mme Simard &#8230; <a title=\"D\u00e9jeuner avec le directeur g\u00e9n\u00e9ral le 13 octobre 2017\" class=\"read-more\" href=\"https:\/\/wicmtl.ca\/fr\/2017\/10\/18\/dejeuner-avec-le-directeur-general-le-13-octobre-2017\/\" aria-label=\"En savoir plus sur D\u00e9jeuner avec le directeur g\u00e9n\u00e9ral le 13 octobre 2017\">Lire plus<\/a><\/p>\n","protected":false},"author":2,"featured_media":18741,"comment_status":"open","ping_status":"open","sticky":false,"template":"","format":"standard","meta":{"_themeisle_gutenberg_block_has_review":false,"footnotes":""},"categories":[1],"tags":[],"class_list":["post-18742","post","type-post","status-publish","format-standard","has-post-thumbnail","hentry","category-uncategorized"],"_links":{"self":[{"href":"https:\/\/wicmtl.ca\/fr\/wp-json\/wp\/v2\/posts\/18742","targetHints":{"allow":["GET"]}}],"collection":[{"href":"https:\/\/wicmtl.ca\/fr\/wp-json\/wp\/v2\/posts"}],"about":[{"href":"https:\/\/wicmtl.ca\/fr\/wp-json\/wp\/v2\/types\/post"}],"author":[{"embeddable":true,"href":"https:\/\/wicmtl.ca\/fr\/wp-json\/wp\/v2\/users\/2"}],"replies":[{"embeddable":true,"href":"https:\/\/wicmtl.ca\/fr\/wp-json\/wp\/v2\/comments?post=18742"}],"version-history":[{"count":1,"href":"https:\/\/wicmtl.ca\/fr\/wp-json\/wp\/v2\/posts\/18742\/revisions"}],"predecessor-version":[{"id":20465,"href":"https:\/\/wicmtl.ca\/fr\/wp-json\/wp\/v2\/posts\/18742\/revisions\/20465"}],"wp:featuredmedia":[{"embeddable":true,"href":"https:\/\/wicmtl.ca\/fr\/wp-json\/wp\/v2\/media\/18741"}],"wp:attachment":[{"href":"https:\/\/wicmtl.ca\/fr\/wp-json\/wp\/v2\/media?parent=18742"}],"wp:term":[{"taxonomy":"category","embeddable":true,"href":"https:\/\/wicmtl.ca\/fr\/wp-json\/wp\/v2\/categories?post=18742"},{"taxonomy":"post_tag","embeddable":true,"href":"https:\/\/wicmtl.ca\/fr\/wp-json\/wp\/v2\/tags?post=18742"}],"curies":[{"name":"wp","href":"https:\/\/api.w.org\/{rel}","templated":true}]}}