{"id":18702,"date":"2017-01-27T18:53:45","date_gmt":"2017-01-27T18:53:45","guid":{"rendered":"https:\/\/wicmtl.ca\/2022\/07\/13\/des-eleves-participent-a-la-competition-coupe-mondiale-des-etudiants-le-20-et-21-janiver-2017\/"},"modified":"2022-07-13T20:09:34","modified_gmt":"2022-07-13T20:09:34","slug":"des-eleves-participent-a-la-competition-coupe-mondiale-des-etudiants-le-20-et-21-janiver-2017","status":"publish","type":"post","link":"https:\/\/wicmtl.ca\/fr\/2017\/01\/27\/des-eleves-participent-a-la-competition-coupe-mondiale-des-etudiants-le-20-et-21-janiver-2017\/","title":{"rendered":"Des \u00e9l\u00e8ves participent \u00e0 la comp\u00e9tition Coupe mondiale des \u00e9tudiants le 20 et 21 janiver 2017"},"content":{"rendered":"<p>&nbsp;<\/p>\n<p>Le\u00a020 et 21 janvier 2017, douze\u00a0\u00e9l\u00e8ves de 1er, 2e et 3e secondaire ont particip\u00e9 \u00e0 une comp\u00e9tition nomm\u00e9e <strong>World Scholar&#8217;s Cup (Coupe mondiale des \u00e9tudiants)<\/strong>. L&#8217;\u00e9cole St-George fut l&#8217;h\u00f4te de cet \u00e9v\u00e9nement pour la deuxi\u00e8me ann\u00e9e, accueillant des \u00e9l\u00e8ves de plusieurs autres \u00e9coles du QAIS (association des \u00e9coles priv\u00e9es du Qu\u00e9bec) pour participer \u00e0 deux jours remplis d&#8217;activit\u00e9s toutes aussi amusantes les unes que les autres. Les \u00e9l\u00e8ves ont travaill\u00e9 en \u00e9quipes de trois \u00e0 des projets d&#8217;\u00e9criture collaborative et \u00e0 des d\u00e9bats et ont mis leur savoir \u00e0 l&#8217;\u00e9preuve pour r\u00e9soudre d&#8217;importants enjeux dans le monde dans le cadre du curriculum propos\u00e9 par cette comp\u00e9tition.<\/p>\n<div style=\"position: relative; height: 0; padding-bottom: 56.25%;\"><iframe loading=\"lazy\" style=\"position: absolute; width: 100%; height: 100%; left: 0;\" src=\"https:\/\/www.youtube.com\/embed\/J8aSdHwQpUs?rel=0?ecver=2\" width=\"640\" height=\"360\" frameborder=\"0\" allowfullscreen=\"allowfullscreen\"><\/iframe><\/div>\n<p>&nbsp;<\/p>\n","protected":false},"excerpt":{"rendered":"<p>&nbsp; Le\u00a020 et 21 janvier 2017, douze\u00a0\u00e9l\u00e8ves de 1er, 2e et 3e secondaire ont particip\u00e9 \u00e0 une comp\u00e9tition nomm\u00e9e World Scholar&#8217;s Cup (Coupe mondiale des \u00e9tudiants). L&#8217;\u00e9cole St-George fut l&#8217;h\u00f4te de cet \u00e9v\u00e9nement pour la deuxi\u00e8me ann\u00e9e, accueillant des \u00e9l\u00e8ves de plusieurs autres \u00e9coles du QAIS (association des \u00e9coles priv\u00e9es du Qu\u00e9bec) pour participer \u00e0 &#8230; <a title=\"Des \u00e9l\u00e8ves participent \u00e0 la comp\u00e9tition Coupe mondiale des \u00e9tudiants le 20 et 21 janiver 2017\" class=\"read-more\" href=\"https:\/\/wicmtl.ca\/fr\/2017\/01\/27\/des-eleves-participent-a-la-competition-coupe-mondiale-des-etudiants-le-20-et-21-janiver-2017\/\" aria-label=\"En savoir plus sur Des \u00e9l\u00e8ves participent \u00e0 la comp\u00e9tition Coupe mondiale des \u00e9tudiants le 20 et 21 janiver 2017\">Lire plus<\/a><\/p>\n","protected":false},"author":2,"featured_media":18703,"comment_status":"open","ping_status":"open","sticky":false,"template":"","format":"standard","meta":{"_themeisle_gutenberg_block_has_review":false,"footnotes":""},"categories":[27,28,1],"tags":[],"class_list":["post-18702","post","type-post","status-publish","format-standard","has-post-thumbnail","hentry","category-inspire-fr-2","category-junior-hall-renovations-fr","category-uncategorized"],"_links":{"self":[{"href":"https:\/\/wicmtl.ca\/fr\/wp-json\/wp\/v2\/posts\/18702","targetHints":{"allow":["GET"]}}],"collection":[{"href":"https:\/\/wicmtl.ca\/fr\/wp-json\/wp\/v2\/posts"}],"about":[{"href":"https:\/\/wicmtl.ca\/fr\/wp-json\/wp\/v2\/types\/post"}],"author":[{"embeddable":true,"href":"https:\/\/wicmtl.ca\/fr\/wp-json\/wp\/v2\/users\/2"}],"replies":[{"embeddable":true,"href":"https:\/\/wicmtl.ca\/fr\/wp-json\/wp\/v2\/comments?post=18702"}],"version-history":[{"count":0,"href":"https:\/\/wicmtl.ca\/fr\/wp-json\/wp\/v2\/posts\/18702\/revisions"}],"wp:featuredmedia":[{"embeddable":true,"href":"https:\/\/wicmtl.ca\/fr\/wp-json\/wp\/v2\/media\/18703"}],"wp:attachment":[{"href":"https:\/\/wicmtl.ca\/fr\/wp-json\/wp\/v2\/media?parent=18702"}],"wp:term":[{"taxonomy":"category","embeddable":true,"href":"https:\/\/wicmtl.ca\/fr\/wp-json\/wp\/v2\/categories?post=18702"},{"taxonomy":"post_tag","embeddable":true,"href":"https:\/\/wicmtl.ca\/fr\/wp-json\/wp\/v2\/tags?post=18702"}],"curies":[{"name":"wp","href":"https:\/\/api.w.org\/{rel}","templated":true}]}}