{"id":18698,"date":"2016-11-15T15:43:03","date_gmt":"2016-11-15T15:43:03","guid":{"rendered":"https:\/\/wicmtl.ca\/2022\/07\/13\/presentation-lies-a-la-sante-mentale-chez-les-jeunes-le-14-novembre-2016\/"},"modified":"2022-11-01T15:13:40","modified_gmt":"2022-11-01T15:13:40","slug":"presentation-lies-a-la-sante-mentale-chez-les-jeunes-le-14-novembre-2016","status":"publish","type":"post","link":"https:\/\/wicmtl.ca\/fr\/2016\/11\/15\/presentation-lies-a-la-sante-mentale-chez-les-jeunes-le-14-novembre-2016\/","title":{"rendered":"Pr\u00e9sentation li\u00e9s \u00e0 la sant\u00e9 mentale chez les jeunes le 14 novembre 2016"},"content":{"rendered":"<p>Les \u00e9l\u00e8ves et enseignants participaient \u00e0 un atelier MINDSTRONG sur la sant\u00e9 mentale des jeunes le 14 novembre 2016 . L&#8217;accent \u00e9tait mis sur les jeunes et l&#8217;\u00e9limination des pr\u00e9jug\u00e9s associ\u00e9s \u00e0 la maladie mentale.&nbsp;Cette initiative a \u00e9t\u00e9 men\u00e9e &nbsp;par des m\u00e9decins et&nbsp;r\u00e9sidents&nbsp;du d\u00e9partement de psychiatrie de&nbsp;l&#8217;H\u00f4pital g\u00e9n\u00e9ral juif de Montr\u00e9al. C&#8217;\u00e9tait&nbsp;une pr\u00e9sentation tr\u00e8s informative par Dr Kronick et Dr Allard.&nbsp;Emmy Zemel&nbsp;a partag\u00e9 son&nbsp;t\u00e9moignage et&nbsp;son exp\u00e9rience personnelle.<\/p>\n<p><a href=\"https:\/\/wicmtl.ca\/wp-content\/uploads\/2016\/11\/mindstrong2.jpg\"><img loading=\"lazy\" decoding=\"async\" class=\"alignnone  wp-image-4446\" src=\"\/\/wicmtl.ca\/wp-content\/uploads\/2016\/11\/mindstrong2.jpg\" alt=\"mindstrong2\" width=\"266\" height=\"354\"><\/a><a href=\"https:\/\/wicmtl.ca\/wp-content\/uploads\/2016\/11\/IMG_0824.jpg\"><img loading=\"lazy\" decoding=\"async\" class=\"alignnone  wp-image-4442\" src=\"\/\/wicmtl.ca\/wp-content\/uploads\/2016\/11\/IMG_0824.jpg\" alt=\"img_0824\" width=\"267\" height=\"356\"><\/a><\/p>\n<p>&nbsp;<\/p>\n","protected":false},"excerpt":{"rendered":"<p>Les \u00e9l\u00e8ves et enseignants participaient \u00e0 un atelier MINDSTRONG sur la sant\u00e9 mentale des jeunes le 14 novembre 2016 . L&#8217;accent \u00e9tait mis sur les jeunes et l&#8217;\u00e9limination des pr\u00e9jug\u00e9s associ\u00e9s \u00e0 la maladie mentale.&nbsp;Cette initiative a \u00e9t\u00e9 men\u00e9e &nbsp;par des m\u00e9decins et&nbsp;r\u00e9sidents&nbsp;du d\u00e9partement de psychiatrie de&nbsp;l&#8217;H\u00f4pital g\u00e9n\u00e9ral juif de Montr\u00e9al. C&#8217;\u00e9tait&nbsp;une pr\u00e9sentation tr\u00e8s informative &#8230; <a title=\"Pr\u00e9sentation li\u00e9s \u00e0 la sant\u00e9 mentale chez les jeunes le 14 novembre 2016\" class=\"read-more\" href=\"https:\/\/wicmtl.ca\/fr\/2016\/11\/15\/presentation-lies-a-la-sante-mentale-chez-les-jeunes-le-14-novembre-2016\/\" aria-label=\"En savoir plus sur Pr\u00e9sentation li\u00e9s \u00e0 la sant\u00e9 mentale chez les jeunes le 14 novembre 2016\">Lire plus<\/a><\/p>\n","protected":false},"author":2,"featured_media":20481,"comment_status":"open","ping_status":"open","sticky":false,"template":"","format":"standard","meta":{"_themeisle_gutenberg_block_has_review":false,"footnotes":""},"categories":[27,28,1],"tags":[],"class_list":["post-18698","post","type-post","status-publish","format-standard","has-post-thumbnail","hentry","category-inspire-fr-2","category-junior-hall-renovations-fr","category-uncategorized"],"_links":{"self":[{"href":"https:\/\/wicmtl.ca\/fr\/wp-json\/wp\/v2\/posts\/18698","targetHints":{"allow":["GET"]}}],"collection":[{"href":"https:\/\/wicmtl.ca\/fr\/wp-json\/wp\/v2\/posts"}],"about":[{"href":"https:\/\/wicmtl.ca\/fr\/wp-json\/wp\/v2\/types\/post"}],"author":[{"embeddable":true,"href":"https:\/\/wicmtl.ca\/fr\/wp-json\/wp\/v2\/users\/2"}],"replies":[{"embeddable":true,"href":"https:\/\/wicmtl.ca\/fr\/wp-json\/wp\/v2\/comments?post=18698"}],"version-history":[{"count":1,"href":"https:\/\/wicmtl.ca\/fr\/wp-json\/wp\/v2\/posts\/18698\/revisions"}],"predecessor-version":[{"id":20482,"href":"https:\/\/wicmtl.ca\/fr\/wp-json\/wp\/v2\/posts\/18698\/revisions\/20482"}],"wp:featuredmedia":[{"embeddable":true,"href":"https:\/\/wicmtl.ca\/fr\/wp-json\/wp\/v2\/media\/20481"}],"wp:attachment":[{"href":"https:\/\/wicmtl.ca\/fr\/wp-json\/wp\/v2\/media?parent=18698"}],"wp:term":[{"taxonomy":"category","embeddable":true,"href":"https:\/\/wicmtl.ca\/fr\/wp-json\/wp\/v2\/categories?post=18698"},{"taxonomy":"post_tag","embeddable":true,"href":"https:\/\/wicmtl.ca\/fr\/wp-json\/wp\/v2\/tags?post=18698"}],"curies":[{"name":"wp","href":"https:\/\/api.w.org\/{rel}","templated":true}]}}