{"id":18567,"date":"2016-05-05T14:51:14","date_gmt":"2016-05-05T14:51:14","guid":{"rendered":"https:\/\/wicmtl.ca\/2022\/07\/11\/spectacle-et-defile-de-mode-au-college-de-louest-de-lile-samedi-le-7-mai-2016\/"},"modified":"2022-07-13T19:58:28","modified_gmt":"2022-07-13T19:58:28","slug":"spectacle-et-defile-de-mode-au-college-de-louest-de-lile-samedi-le-7-mai-2016","status":"publish","type":"post","link":"https:\/\/wicmtl.ca\/fr\/2016\/05\/05\/spectacle-et-defile-de-mode-au-college-de-louest-de-lile-samedi-le-7-mai-2016\/","title":{"rendered":"Spectacle et d\u00e9fil\u00e9 de mode au Coll\u00e8ge de l&#8217;Ouest de l&#8217;\u00cele &#8211; samedi le 7 mai, 2016"},"content":{"rendered":"<p><a href=\"https:\/\/wicmtl.ca\/wp-content\/uploads\/2016\/05\/LIMITLESS.jpg\"><img loading=\"lazy\" decoding=\"async\" class=\"alignnone wp-image-3735\" src=\"\/\/wicmtl.ca\/wp-content\/uploads\/2016\/05\/LIMITLESS.jpg\" alt=\"LIMITLESS\" width=\"440\" height=\"569\" \/><\/a><\/p>\n<p>C&#8217;est une collaboration\u00a0magnifique entre les \u00e9tudiants du Coll\u00e8ge de l&#8217;Ouest de l&#8217;\u00cele et nos participants.<\/p>\n<p><strong>Comme \u00e0 l\u2019habitude, il y aura 2 repr\u00e9sentations au Coll\u00e8ge de l&#8217;Ouest de l&#8217;\u00cele &#8211;\u00a0 midi et 16h\u00a0<\/strong><\/p>\n<p>Ce spectacle annuel est devenu un incontournable dans l\u2019Ouest de l\u2019\u00cele et nous avons tr\u00e8s h\u00e2te \u00e0 ce spectacle.<\/p>\n<p>Pour les r\u00e9sidents de l\u2019Ouest de l\u2019\u00cele et leurs familles, cet \u00e9v\u00e9nement repr\u00e9sente un moyen de sensibiliser la communaut\u00e9 aux d\u00e9fis auxquels sont confront\u00e9es les personnes vivant avec un handicap intellectuel ou l\u2019autisme. Par le fait m\u00eame, il procure \u00e0 tous un sentiment de fiert\u00e9 et un esprit de coop\u00e9ration intense r\u00e8gne entre tous ceux qui y participent. Le c\u0153ur de la mission de WIAIH comprend la sensibilisation de la communaut\u00e9 \u00e0 ces talents exceptionnels que sont ses membres.<\/p>\n<p><strong>Les billets (15$ adultes \/ 8$ enfants de 3-12 ans) sont disponibles \u00e0 l&#8217;entr\u00e9e ou <a href=\"https:\/\/wiaih.qc.ca\/fr\/node\/82\" rel=\"noopener\">\u00e0 WIAIH<\/a>.<\/strong><\/p>\n","protected":false},"excerpt":{"rendered":"<p>C&#8217;est une collaboration\u00a0magnifique entre les \u00e9tudiants du Coll\u00e8ge de l&#8217;Ouest de l&#8217;\u00cele et nos participants. Comme \u00e0 l\u2019habitude, il y aura 2 repr\u00e9sentations au Coll\u00e8ge de l&#8217;Ouest de l&#8217;\u00cele &#8211;\u00a0 midi et 16h\u00a0 Ce spectacle annuel est devenu un incontournable dans l\u2019Ouest de l\u2019\u00cele et nous avons tr\u00e8s h\u00e2te \u00e0 ce spectacle. Pour les r\u00e9sidents &#8230; <a title=\"Spectacle et d\u00e9fil\u00e9 de mode au Coll\u00e8ge de l&#8217;Ouest de l&#8217;\u00cele &#8211; samedi le 7 mai, 2016\" class=\"read-more\" href=\"https:\/\/wicmtl.ca\/fr\/2016\/05\/05\/spectacle-et-defile-de-mode-au-college-de-louest-de-lile-samedi-le-7-mai-2016\/\" aria-label=\"En savoir plus sur Spectacle et d\u00e9fil\u00e9 de mode au Coll\u00e8ge de l&#8217;Ouest de l&#8217;\u00cele &#8211; samedi le 7 mai, 2016\">Lire plus<\/a><\/p>\n","protected":false},"author":2,"featured_media":18568,"comment_status":"open","ping_status":"open","sticky":false,"template":"","format":"standard","meta":{"_themeisle_gutenberg_block_has_review":false,"footnotes":""},"categories":[27,28,1],"tags":[],"class_list":["post-18567","post","type-post","status-publish","format-standard","has-post-thumbnail","hentry","category-inspire-fr-2","category-junior-hall-renovations-fr","category-uncategorized"],"_links":{"self":[{"href":"https:\/\/wicmtl.ca\/fr\/wp-json\/wp\/v2\/posts\/18567","targetHints":{"allow":["GET"]}}],"collection":[{"href":"https:\/\/wicmtl.ca\/fr\/wp-json\/wp\/v2\/posts"}],"about":[{"href":"https:\/\/wicmtl.ca\/fr\/wp-json\/wp\/v2\/types\/post"}],"author":[{"embeddable":true,"href":"https:\/\/wicmtl.ca\/fr\/wp-json\/wp\/v2\/users\/2"}],"replies":[{"embeddable":true,"href":"https:\/\/wicmtl.ca\/fr\/wp-json\/wp\/v2\/comments?post=18567"}],"version-history":[{"count":0,"href":"https:\/\/wicmtl.ca\/fr\/wp-json\/wp\/v2\/posts\/18567\/revisions"}],"wp:featuredmedia":[{"embeddable":true,"href":"https:\/\/wicmtl.ca\/fr\/wp-json\/wp\/v2\/media\/18568"}],"wp:attachment":[{"href":"https:\/\/wicmtl.ca\/fr\/wp-json\/wp\/v2\/media?parent=18567"}],"wp:term":[{"taxonomy":"category","embeddable":true,"href":"https:\/\/wicmtl.ca\/fr\/wp-json\/wp\/v2\/categories?post=18567"},{"taxonomy":"post_tag","embeddable":true,"href":"https:\/\/wicmtl.ca\/fr\/wp-json\/wp\/v2\/tags?post=18567"}],"curies":[{"name":"wp","href":"https:\/\/api.w.org\/{rel}","templated":true}]}}