{"id":18538,"date":"2016-04-04T10:50:22","date_gmt":"2016-04-04T10:50:22","guid":{"rendered":"https:\/\/wicmtl.ca\/2022\/07\/11\/choisir-une-ecole-secondaire-pour-votre-enfant\/"},"modified":"2022-11-01T15:26:51","modified_gmt":"2022-11-01T15:26:51","slug":"choisir-une-ecole-secondaire-pour-votre-enfant","status":"publish","type":"post","link":"https:\/\/wicmtl.ca\/fr\/2016\/04\/04\/choisir-une-ecole-secondaire-pour-votre-enfant\/","title":{"rendered":"Choisir une \u00e9cole secondaire pour votre enfant"},"content":{"rendered":"<h1>Pr\u00e9sentation sp\u00e9ciale<\/h1>\n<p>(bilingue et gratuite)<\/p>\n<h2><strong>mercredi&nbsp;11 mai 2016<\/strong><\/h2>\n<p>Holiday Inn Pointe-Claire&nbsp;(6700 Trans Canada, Pointe-Claire)<br \/>\n18h30 \u00e0 20h00<\/p>\n<p><a href=\"https:\/\/wicmtl.ca\/wp-content\/uploads\/2015\/07\/Michel-Lafrance.jpg\"><img loading=\"lazy\" decoding=\"async\" class=\"alignnone wp-image-3610\" src=\"\/\/wicmtl.ca\/wp-content\/uploads\/2015\/07\/Michel-Lafrance.jpg\" alt=\"Michel Lafrance\" width=\"140\" height=\"217\"><\/a><\/p>\n<p><em>Pr\u00e9sentation de Michel Lafrance<\/em><br \/>\n<em>Directeur g\u00e9n\u00e9ral, Coll\u00e8ge de l\u2019Ouest de L\u2019\u00cele<\/em><br \/>\n<em>Ancien directeur g\u00e9n\u00e9ral &#8211;&nbsp;<\/em><em>Association des \u00e9coles priv\u00e9es du Qu\u00e9bec<\/em><\/p>\n<ul>\n<li>Maximisez l\u2019exp\u00e9rience des portes ouvertes<\/li>\n<li>D\u00e9mystifiez les programmes d&#8217;\u00e9tudes sp\u00e9cialis\u00e9s<\/li>\n<li>Pr\u00e9parez votre enfant \u00e0 l\u2019examen d\u2019admission<\/li>\n<li>Identifiez les questions \u00e0 poser aux \u00e9coles<\/li>\n<li>D\u00e9terminez les besoins de votre enfant<\/li>\n<li>Arrivez \u00e0 une d\u00e9cision finale<\/li>\n<\/ul>\n<h1><a href=\"https:\/\/wicmtl.ca\/presentation\/?lang=fr\">R.S.V.P.<\/a><\/h1>\n","protected":false},"excerpt":{"rendered":"<p>Pr\u00e9sentation sp\u00e9ciale (bilingue et gratuite) mercredi&nbsp;11 mai 2016 Holiday Inn Pointe-Claire&nbsp;(6700 Trans Canada, Pointe-Claire) 18h30 \u00e0 20h00 Pr\u00e9sentation de Michel Lafrance Directeur g\u00e9n\u00e9ral, Coll\u00e8ge de l\u2019Ouest de L\u2019\u00cele Ancien directeur g\u00e9n\u00e9ral &#8211;&nbsp;Association des \u00e9coles priv\u00e9es du Qu\u00e9bec Maximisez l\u2019exp\u00e9rience des portes ouvertes D\u00e9mystifiez les programmes d&#8217;\u00e9tudes sp\u00e9cialis\u00e9s Pr\u00e9parez votre enfant \u00e0 l\u2019examen d\u2019admission Identifiez les &#8230; <a title=\"Choisir une \u00e9cole secondaire pour votre enfant\" class=\"read-more\" href=\"https:\/\/wicmtl.ca\/fr\/2016\/04\/04\/choisir-une-ecole-secondaire-pour-votre-enfant\/\" aria-label=\"En savoir plus sur Choisir une \u00e9cole secondaire pour votre enfant\">Lire plus<\/a><\/p>\n","protected":false},"author":2,"featured_media":20501,"comment_status":"open","ping_status":"open","sticky":false,"template":"","format":"standard","meta":{"_themeisle_gutenberg_block_has_review":false,"footnotes":""},"categories":[27,28,1],"tags":[],"class_list":["post-18538","post","type-post","status-publish","format-standard","has-post-thumbnail","hentry","category-inspire-fr-2","category-junior-hall-renovations-fr","category-uncategorized"],"_links":{"self":[{"href":"https:\/\/wicmtl.ca\/fr\/wp-json\/wp\/v2\/posts\/18538","targetHints":{"allow":["GET"]}}],"collection":[{"href":"https:\/\/wicmtl.ca\/fr\/wp-json\/wp\/v2\/posts"}],"about":[{"href":"https:\/\/wicmtl.ca\/fr\/wp-json\/wp\/v2\/types\/post"}],"author":[{"embeddable":true,"href":"https:\/\/wicmtl.ca\/fr\/wp-json\/wp\/v2\/users\/2"}],"replies":[{"embeddable":true,"href":"https:\/\/wicmtl.ca\/fr\/wp-json\/wp\/v2\/comments?post=18538"}],"version-history":[{"count":1,"href":"https:\/\/wicmtl.ca\/fr\/wp-json\/wp\/v2\/posts\/18538\/revisions"}],"predecessor-version":[{"id":20503,"href":"https:\/\/wicmtl.ca\/fr\/wp-json\/wp\/v2\/posts\/18538\/revisions\/20503"}],"wp:featuredmedia":[{"embeddable":true,"href":"https:\/\/wicmtl.ca\/fr\/wp-json\/wp\/v2\/media\/20501"}],"wp:attachment":[{"href":"https:\/\/wicmtl.ca\/fr\/wp-json\/wp\/v2\/media?parent=18538"}],"wp:term":[{"taxonomy":"category","embeddable":true,"href":"https:\/\/wicmtl.ca\/fr\/wp-json\/wp\/v2\/categories?post=18538"},{"taxonomy":"post_tag","embeddable":true,"href":"https:\/\/wicmtl.ca\/fr\/wp-json\/wp\/v2\/tags?post=18538"}],"curies":[{"name":"wp","href":"https:\/\/api.w.org\/{rel}","templated":true}]}}