{"id":18530,"date":"2015-03-30T19:21:33","date_gmt":"2022-07-13T19:58:23","guid":{"rendered":"https:\/\/wicmtl.ca\/2022\/07\/11\/evenement-special-choisir-une-ecole-secondaire-pour-votre-enfant\/"},"modified":"2022-11-01T15:36:20","modified_gmt":"2022-11-01T15:36:20","slug":"evenement-special-choisir-une-ecole-secondaire-pour-votre-enfant","status":"publish","type":"post","link":"https:\/\/wicmtl.ca\/fr\/2015\/03\/30\/evenement-special-choisir-une-ecole-secondaire-pour-votre-enfant\/","title":{"rendered":"\u00c9v\u00e9nement sp\u00e9cial: Choisir une \u00e9cole secondaire pour votre enfant"},"content":{"rendered":"<h1>Parents<\/h1>\n<p><strong>\u00c9v\u00e9nement sp\u00e9cial<\/strong><br \/>\n&lt;&lt; Choisir une \u00e9cole secondaire pour votre enfant &gt;&gt;<\/p>\n<p><strong>mardi 28 avril 2015<\/strong><\/p>\n<p>Holiday Inn Pointe-Claire<br \/>\n(6700 Trans Canada, Pointe-Claire)<br \/>\n18h30 \u00e0 20h00<\/p>\n<p><a href=\"https:\/\/wicmtl.ca\/wp-content\/uploads\/2014\/08\/headmaster.png\"><img loading=\"lazy\" decoding=\"async\" class=\"alignnone  wp-image-927\" src=\"\/\/wicmtl.ca\/wp-content\/uploads\/2014\/08\/headmaster-202x300.png\" alt=\"headmaster\" width=\"115\" height=\"171\"><\/a><\/p>\n<p>Pr\u00e9sentation de Michel Lafrance<br \/>\nDirecteur g\u00e9n\u00e9ral, Coll\u00e8ge de l\u2019Ouest de L\u2019\u00cele<br \/>\nAncien directeur g\u00e9n\u00e9ral,&nbsp;Association des \u00e9coles priv\u00e9es du Qu\u00e9bec<\/p>\n<p>&nbsp;<br \/>\n\u2022 Maximisez l\u2019exp\u00e9rience des portes ouvertes<br \/>\n\u2022 Pr\u00e9parez votre enfant \u00e0 l\u2019examen d\u2019admission<br \/>\n\u2022 Identifiez les questions \u00e0 poser aux \u00e9coles<br \/>\n\u2022 D\u00e9terminez les besoins de votre enfant<br \/>\n\u2022 Arrivez \u00e0 une d\u00e9cision finale<\/p>\n<p>&nbsp;<br \/>\n<strong>R.S.V.P. \u00e0 info@wicmtl.ca<\/strong><br \/>\n<strong>avant le 24 avril 2015 514.683.4660<\/strong><\/p>\n","protected":false},"excerpt":{"rendered":"<p>Parents \u00c9v\u00e9nement sp\u00e9cial &lt;&lt; Choisir une \u00e9cole secondaire pour votre enfant &gt;&gt; mardi 28 avril 2015 Holiday Inn Pointe-Claire (6700 Trans Canada, Pointe-Claire) 18h30 \u00e0 20h00 Pr\u00e9sentation de Michel Lafrance Directeur g\u00e9n\u00e9ral, Coll\u00e8ge de l\u2019Ouest de L\u2019\u00cele Ancien directeur g\u00e9n\u00e9ral,&nbsp;Association des \u00e9coles priv\u00e9es du Qu\u00e9bec &nbsp; \u2022 Maximisez l\u2019exp\u00e9rience des portes ouvertes \u2022 Pr\u00e9parez votre &#8230; <a title=\"\u00c9v\u00e9nement sp\u00e9cial: Choisir une \u00e9cole secondaire pour votre enfant\" class=\"read-more\" href=\"https:\/\/wicmtl.ca\/fr\/2015\/03\/30\/evenement-special-choisir-une-ecole-secondaire-pour-votre-enfant\/\" aria-label=\"En savoir plus sur \u00c9v\u00e9nement sp\u00e9cial: Choisir une \u00e9cole secondaire pour votre enfant\">Lire plus<\/a><\/p>\n","protected":false},"author":2,"featured_media":18531,"comment_status":"open","ping_status":"open","sticky":false,"template":"","format":"standard","meta":{"_themeisle_gutenberg_block_has_review":false,"footnotes":""},"categories":[1],"tags":[],"class_list":["post-18530","post","type-post","status-publish","format-standard","has-post-thumbnail","hentry","category-uncategorized"],"_links":{"self":[{"href":"https:\/\/wicmtl.ca\/fr\/wp-json\/wp\/v2\/posts\/18530","targetHints":{"allow":["GET"]}}],"collection":[{"href":"https:\/\/wicmtl.ca\/fr\/wp-json\/wp\/v2\/posts"}],"about":[{"href":"https:\/\/wicmtl.ca\/fr\/wp-json\/wp\/v2\/types\/post"}],"author":[{"embeddable":true,"href":"https:\/\/wicmtl.ca\/fr\/wp-json\/wp\/v2\/users\/2"}],"replies":[{"embeddable":true,"href":"https:\/\/wicmtl.ca\/fr\/wp-json\/wp\/v2\/comments?post=18530"}],"version-history":[{"count":1,"href":"https:\/\/wicmtl.ca\/fr\/wp-json\/wp\/v2\/posts\/18530\/revisions"}],"predecessor-version":[{"id":20515,"href":"https:\/\/wicmtl.ca\/fr\/wp-json\/wp\/v2\/posts\/18530\/revisions\/20515"}],"wp:featuredmedia":[{"embeddable":true,"href":"https:\/\/wicmtl.ca\/fr\/wp-json\/wp\/v2\/media\/18531"}],"wp:attachment":[{"href":"https:\/\/wicmtl.ca\/fr\/wp-json\/wp\/v2\/media?parent=18530"}],"wp:term":[{"taxonomy":"category","embeddable":true,"href":"https:\/\/wicmtl.ca\/fr\/wp-json\/wp\/v2\/categories?post=18530"},{"taxonomy":"post_tag","embeddable":true,"href":"https:\/\/wicmtl.ca\/fr\/wp-json\/wp\/v2\/tags?post=18530"}],"curies":[{"name":"wp","href":"https:\/\/api.w.org\/{rel}","templated":true}]}}