{"id":18507,"date":"2015-01-09T20:10:32","date_gmt":"2022-07-13T19:58:15","guid":{"rendered":"https:\/\/wicmtl.ca\/2022\/07\/11\/le-college-poursuit-son-virage-vert-en-2015\/"},"modified":"2022-07-13T19:58:15","modified_gmt":"2022-07-13T19:58:15","slug":"le-college-poursuit-son-virage-vert-en-2015","status":"publish","type":"post","link":"https:\/\/wicmtl.ca\/fr\/2015\/01\/09\/le-college-poursuit-son-virage-vert-en-2015\/","title":{"rendered":"Le Coll\u00e8ge poursuit son virage vert en 2015!"},"content":{"rendered":"<p>Le Club environnemental du Coll\u00e8ge, les guerriers verts, s&#8217;est donn\u00e9 pour mission de proposer des pratiques environnementales responsables dans la plus grande vari\u00e9t\u00e9 possible de domaines. Cette ann\u00e9e seulement, leurs projets comprenaient une collecte de fonds pour adopter un petit ourson noir au Zoo Ecomuseum, une collecte et recyclage de piles et une collecte de v\u00eatements d&#8217;hiver. <\/p>\n<p>Maintenant que le mois de janvier est commenc\u00e9, nous sommes fiers de vous informer que notre traiteur \u00e0 la caf\u00e9t\u00e9ria, Phoenix Group, n&#8217;utilisera plus d&#8217;ustensiles en plastique jetables \u00e0 la caf\u00e9t\u00e9ria du Coll\u00e8ge. Les \u00e9l\u00e8ves utiliseront dor\u00e9navant des ustensiles en acier inoxydable sur une base quotidienne.<br \/>\nLes nouveaux ustensiles sont lav\u00e9s deux fois \u00e0 une temp\u00e9rature extr\u00eamement \u00e9lev\u00e9e, d\u00e9sinfect\u00e9s et rinc\u00e9s dans un lave-vaisselle industriel afin d&#8217;en assurer la st\u00e9rilisation optimale.<\/p>\n<p>Cette nouvelle initiative permettra d&#8217;\u00e9liminer plus de 150 000 ustensiles en plastique chaque ann\u00e9e!<br \/>\nLes guerriers verts ont introduit l&#8217;initiative lors d&#8217;une assembl\u00e9e au mois de d\u00e9cembre. <\/p>\n<p>Merci aux guerriers verts pour votre engagement \u00e0 faire du Coll\u00e8ge un endroit encore plus soucieux de l&#8217;environnement et \u00e0 Alex Morselli et au personnel de Phoenix Group d&#8217;avoir rendu cette initiative possible!<\/p>\n","protected":false},"excerpt":{"rendered":"<p>Le Club environnemental du Coll\u00e8ge, les guerriers verts, s&#8217;est donn\u00e9 pour mission de proposer des pratiques environnementales responsables dans la plus grande vari\u00e9t\u00e9 possible de domaines. Cette ann\u00e9e seulement, leurs projets comprenaient une collecte de fonds pour adopter un petit ourson noir au Zoo Ecomuseum, une collecte et recyclage de piles et une collecte de &#8230; <a title=\"Le Coll\u00e8ge poursuit son virage vert en 2015!\" class=\"read-more\" href=\"https:\/\/wicmtl.ca\/fr\/2015\/01\/09\/le-college-poursuit-son-virage-vert-en-2015\/\" aria-label=\"En savoir plus sur Le Coll\u00e8ge poursuit son virage vert en 2015!\">Lire plus<\/a><\/p>\n","protected":false},"author":2,"featured_media":18505,"comment_status":"open","ping_status":"open","sticky":false,"template":"","format":"standard","meta":{"_themeisle_gutenberg_block_has_review":false,"footnotes":""},"categories":[1],"tags":[],"class_list":["post-18507","post","type-post","status-publish","format-standard","has-post-thumbnail","hentry","category-uncategorized"],"_links":{"self":[{"href":"https:\/\/wicmtl.ca\/fr\/wp-json\/wp\/v2\/posts\/18507","targetHints":{"allow":["GET"]}}],"collection":[{"href":"https:\/\/wicmtl.ca\/fr\/wp-json\/wp\/v2\/posts"}],"about":[{"href":"https:\/\/wicmtl.ca\/fr\/wp-json\/wp\/v2\/types\/post"}],"author":[{"embeddable":true,"href":"https:\/\/wicmtl.ca\/fr\/wp-json\/wp\/v2\/users\/2"}],"replies":[{"embeddable":true,"href":"https:\/\/wicmtl.ca\/fr\/wp-json\/wp\/v2\/comments?post=18507"}],"version-history":[{"count":0,"href":"https:\/\/wicmtl.ca\/fr\/wp-json\/wp\/v2\/posts\/18507\/revisions"}],"wp:featuredmedia":[{"embeddable":true,"href":"https:\/\/wicmtl.ca\/fr\/wp-json\/wp\/v2\/media\/18505"}],"wp:attachment":[{"href":"https:\/\/wicmtl.ca\/fr\/wp-json\/wp\/v2\/media?parent=18507"}],"wp:term":[{"taxonomy":"category","embeddable":true,"href":"https:\/\/wicmtl.ca\/fr\/wp-json\/wp\/v2\/categories?post=18507"},{"taxonomy":"post_tag","embeddable":true,"href":"https:\/\/wicmtl.ca\/fr\/wp-json\/wp\/v2\/tags?post=18507"}],"curies":[{"name":"wp","href":"https:\/\/api.w.org\/{rel}","templated":true}]}}